{"id":24140,"date":"2022-07-08T16:00:04","date_gmt":"2022-07-08T19:00:04","guid":{"rendered":"https:\/\/www.oparanews.com.br\/?p=24140"},"modified":"2022-07-08T16:00:04","modified_gmt":"2022-07-08T19:00:04","slug":"theatro-sete-de-setembro-sedia-encontro-entre-diretores-de-institutos-de-previdencia","status":"publish","type":"post","link":"https:\/\/www.oparanews.com.br\/index.php\/2022\/07\/08\/theatro-sete-de-setembro-sedia-encontro-entre-diretores-de-institutos-de-previdencia\/","title":{"rendered":"Theatro Sete de Setembro sedia encontro entre diretores de Institutos de Previd\u00eancia"},"content":{"rendered":"<p>Um grande evento do chamado turismo de neg\u00f3cios est\u00e1 acontecendo no Theatro Sete de Setembro nesta sexta-feira, 09, reunindo membros da Associa\u00e7\u00e3o das Previd\u00eancias Pr\u00f3prias do Estado de Alagoas (APPEAL).<\/p>\n<p>&nbsp;<\/p>\n<p>Com apoio da Prefeitura de Penedo, o evento j\u00e1 est\u00e1 nos planos da entidade para que passe a ocorrer de forma permanente na cidade hist\u00f3rica que oferta locais, hospedagem e servi\u00e7os adequados para visitantes.<\/p>\n<p>&nbsp;<\/p>\n<p>\u201cEstamos aqui para realizar o segundo encontro itinerante da APPEAL e ficamos bastante contentes com o acolhimento. S\u00f3 tenho a agradecer ao Prefeito Ronaldo Lopes\u201d, disse Jo\u00e3o Gomes, presidente da APPEAL.<\/p>\n<p>&nbsp;<\/p>\n<p>A troca de experi\u00eancias entre Institutos de Previd\u00eancia \u00e9 o foco do encontro t\u00e9cnico da APPEAL, com destaque para aspectos fundamentais da reforma previdenci\u00e1ria na quest\u00e3o de investimentos e desafios da gest\u00e3o p\u00fablica.<\/p>\n<p>&nbsp;<\/p>\n<p>\u201cPenedo se destaca por receber a associa\u00e7\u00e3o dos regimes pr\u00f3prios dos munic\u00edpios de Alagoas, evento que tem como objetivo aprimorar melhor a gest\u00e3o corporativa, financeira e gest\u00e3o de carreira\u201d, explanou Alfredo Pereira, presidente interino do Penedo Previd\u00eancia.<\/p>\n<p>&nbsp;<\/p>\n<p>&nbsp;<\/p>\n<p>&nbsp;<\/p>\n<p><strong>por Fagner Honorato \u2013 Secom PMP<\/strong><\/p>\n<p>&nbsp;<\/p>\n","protected":false},"excerpt":{"rendered":"<p>Um grande evento do chamado turismo de neg\u00f3cios est\u00e1 acontecendo no Theatro Sete de Setembro nesta sexta-feira, 09, reunindo membros da Associa\u00e7\u00e3o das Previd\u00eancias Pr\u00f3prias do Estado de Alagoas (APPEAL). &nbsp; Com apoio da Prefeitura de Penedo, o evento j\u00e1 est\u00e1 nos planos da entidade para que passe a ocorrer de forma permanente na cidade &hellip;<\/p>\n","protected":false},"author":2,"featured_media":24141,"comment_status":"open","ping_status":"open","sticky":false,"template":"","format":"standard","meta":{"_jetpack_memberships_contains_paid_content":false,"footnotes":""},"categories":[1,3],"tags":[],"class_list":["post-24140","post","type-post","status-publish","format-standard","has-post-thumbnail","hentry","category-destaque","category-penedo"],"jetpack_featured_media_url":"https:\/\/www.oparanews.com.br\/wp-content\/uploads\/2022\/07\/appeal-8-1068x711-1.jpeg","jetpack_sharing_enabled":true,"_links":{"self":[{"href":"https:\/\/www.oparanews.com.br\/index.php\/wp-json\/wp\/v2\/posts\/24140","targetHints":{"allow":["GET"]}}],"collection":[{"href":"https:\/\/www.oparanews.com.br\/index.php\/wp-json\/wp\/v2\/posts"}],"about":[{"href":"https:\/\/www.oparanews.com.br\/index.php\/wp-json\/wp\/v2\/types\/post"}],"author":[{"embeddable":true,"href":"https:\/\/www.oparanews.com.br\/index.php\/wp-json\/wp\/v2\/users\/2"}],"replies":[{"embeddable":true,"href":"https:\/\/www.oparanews.com.br\/index.php\/wp-json\/wp\/v2\/comments?post=24140"}],"version-history":[{"count":1,"href":"https:\/\/www.oparanews.com.br\/index.php\/wp-json\/wp\/v2\/posts\/24140\/revisions"}],"predecessor-version":[{"id":24142,"href":"https:\/\/www.oparanews.com.br\/index.php\/wp-json\/wp\/v2\/posts\/24140\/revisions\/24142"}],"wp:featuredmedia":[{"embeddable":true,"href":"https:\/\/www.oparanews.com.br\/index.php\/wp-json\/wp\/v2\/media\/24141"}],"wp:attachment":[{"href":"https:\/\/www.oparanews.com.br\/index.php\/wp-json\/wp\/v2\/media?parent=24140"}],"wp:term":[{"taxonomy":"category","embeddable":true,"href":"https:\/\/www.oparanews.com.br\/index.php\/wp-json\/wp\/v2\/categories?post=24140"},{"taxonomy":"post_tag","embeddable":true,"href":"https:\/\/www.oparanews.com.br\/index.php\/wp-json\/wp\/v2\/tags?post=24140"}],"curies":[{"name":"wp","href":"https:\/\/api.w.org\/{rel}","templated":true}]}}