{"id":24146,"date":"2022-07-08T16:13:55","date_gmt":"2022-07-08T19:13:55","guid":{"rendered":"https:\/\/www.oparanews.com.br\/?p=24146"},"modified":"2022-07-08T16:16:48","modified_gmt":"2022-07-08T19:16:48","slug":"prefeito-marcelo-beltrao-reune-agentes-de-saude-e-de-endemias-e-anuncia-piso-salarial-nacional","status":"publish","type":"post","link":"https:\/\/www.oparanews.com.br\/index.php\/2022\/07\/08\/prefeito-marcelo-beltrao-reune-agentes-de-saude-e-de-endemias-e-anuncia-piso-salarial-nacional\/","title":{"rendered":"Prefeito Marcelo Beltr\u00e3o re\u00fane agentes de Sa\u00fade e de Endemias e anuncia piso salarial nacional"},"content":{"rendered":"<p>O prefeito Marcelo Beltr\u00e3o reuniu na manh\u00e3 desta quarta-feira (07), no audit\u00f3rio da Secretaria de Sa\u00fade, os Agentes Comunit\u00e1rios de Sa\u00fade (ACS) e os Agentes Comunit\u00e1rios de Endemia (ACE) para anunciar o piso salarial nacional.<\/p>\n<p>&nbsp;<\/p>\n<p>Na ocasi\u00e3o, o gestor assinou a mensagem que encaminha o Projeto de Lei n\u00ba 011\/2022, que fixa o piso salarial da classe, e entregou ao presidente da C\u00e2mara de Vereadores de Coruripe, Dalmo Porto.<\/p>\n<p>&nbsp;<\/p>\n<p>J\u00e1 no final do m\u00eas de julho, a categoria receber\u00e1 o novo sal\u00e1rio e o retroativo aos meses de maio de junho.<\/p>\n<p>&nbsp;<\/p>\n<p>O prefeito Marcelo Beltr\u00e3o destacou a import\u00e2ncia da categoria para o munic\u00edpio e para a comunidade e ressaltou que o envio da lei \u00e9 uma forma de valoriza\u00e7\u00e3o destes profissionais.<\/p>\n<figure id=\"attachment_24147\" aria-describedby=\"caption-attachment-24147\" style=\"width: 1600px\" class=\"wp-caption aligncenter\"><a href=\"http:\/\/www.oparanews.com.br\/wp-content\/uploads\/2022\/07\/WhatsApp-Image-2022-07-07-at-15.03.47-1.jpeg\"><img loading=\"lazy\" decoding=\"async\" class=\"size-full wp-image-24147\" src=\"http:\/\/www.oparanews.com.br\/wp-content\/uploads\/2022\/07\/WhatsApp-Image-2022-07-07-at-15.03.47-1.jpeg\" alt=\"\" width=\"1600\" height=\"1067\" srcset=\"https:\/\/www.oparanews.com.br\/wp-content\/uploads\/2022\/07\/WhatsApp-Image-2022-07-07-at-15.03.47-1.jpeg 1600w, https:\/\/www.oparanews.com.br\/wp-content\/uploads\/2022\/07\/WhatsApp-Image-2022-07-07-at-15.03.47-1-300x200.jpeg 300w, https:\/\/www.oparanews.com.br\/wp-content\/uploads\/2022\/07\/WhatsApp-Image-2022-07-07-at-15.03.47-1-1024x683.jpeg 1024w, https:\/\/www.oparanews.com.br\/wp-content\/uploads\/2022\/07\/WhatsApp-Image-2022-07-07-at-15.03.47-1-768x512.jpeg 768w, https:\/\/www.oparanews.com.br\/wp-content\/uploads\/2022\/07\/WhatsApp-Image-2022-07-07-at-15.03.47-1-1536x1024.jpeg 1536w\" sizes=\"auto, (max-width: 1600px) 100vw, 1600px\" \/><\/a><figcaption id=\"caption-attachment-24147\" class=\"wp-caption-text\">Secom Coruripe<\/figcaption><\/figure>\n<p>&nbsp;<\/p>\n<p>&#8220;\u00c9 muito gratificante poder reunir os agentes de Sa\u00fade e de Endemias para dar essa boa not\u00edcia e acelerar os tr\u00e2mites do processo de repasse para o reajuste salarial desses trabalhadores. E com isso fazer com que a categoria seja cada vez mais respeitada e valorizada. Classe essa que tem a minha admira\u00e7\u00e3o, pois fazem um trabalho muito importante, est\u00e3o l\u00e1 na ponta do processo, todos os dias visitando as resid\u00eancias, ouvindo as demandas e levando para a popula\u00e7\u00e3o uma sa\u00fade b\u00e1sica de qualidade&#8221;, concluiu o prefeito.<\/p>\n<p>&nbsp;<\/p>\n<p>A agente de Endemias La\u00eds Oliveira falou da alegria de receber junto com os colegas a not\u00edcia do reajuste. &#8220;Estamos saindo dessa reuni\u00e3o em festa. Ap\u00f3s 11 anos de luta nossa classe conseguiu essa imensa vit\u00f3ria. S\u00f3 temos que comemorar e agradecer ao prefeito Marcelo Beltr\u00e3o pelo empenho, ao secret\u00e1rio de Sa\u00fade Pedro Madeiro e aos vereadores que contribu\u00edram para que isso fosse poss\u00edvel&#8221;, pontuou.<\/p>\n<p>&nbsp;<\/p>\n<p>O agente Comunit\u00e1rio de Sa\u00fade, Nilson Domingos, frisou que o reconhecimento \u00e9 muito importante como forma de fortalecer a classe. &#8220;Ap\u00f3s muitas idas e vindas e muitos anos de luta, nossa classe conseguiu o t\u00e3o sonhado piso salarial. \u00c9 uma grande conquista para n\u00f3s e esse reconhecimento vai ficar para a hist\u00f3ria. Por\u00e9m, a luta n\u00e3o acabou, estaremos aqui para encarar novos desafios em prol da classe&#8221;, ressaltou.<\/p>\n<p>&nbsp;<\/p>\n<p>O secret\u00e1rio de Sa\u00fade de Coruripe, Pedro Madeiro, considera o encaminhamento do Projeto de Lei pela gest\u00e3o um momento hist\u00f3rico para a sa\u00fade p\u00fablica de Coruripe. &#8220;Estamos muito felizes em fazer parte desse momento hist\u00f3rico para a sa\u00fade p\u00fablica, onde hoje encaminhamos a minuta do Projeto de Lei para a C\u00e2mara dos vereadores, que assegura que todos os agentes recebam o piso salarial nacional. Isso trar\u00e1 mais seguran\u00e7a aos trabalhadores e ir\u00e1 potencializar a sa\u00fade p\u00fablica em Coruripe&#8221;, afirmou.<\/p>\n<p>&nbsp;<\/p>\n<p>Durante a reuni\u00e3o e diante da import\u00e2ncia da mat\u00e9ria, o presidente da C\u00e2mara Municipal, vereador Dalmo Porto, informou que convocar\u00e1 uma sess\u00e3o extraordin\u00e1ria para a pr\u00f3xima segunda-feira (18).<\/p>\n<p>&nbsp;<\/p>\n<p>Participaram do evento o vice-prefeito de Coruripe, Jos\u00e9 \u00c9neas, o coordenador da Aten\u00e7\u00e3o Prim\u00e1ria \u00e0 Sa\u00fade George Leite, a coordenadora da Vigil\u00e2ncia em Sa\u00fade Gilvana Xavier, a presidente do Sindicato dos Servidores Municipais de Coruripe Maria C\u00e9lia, al\u00e9m dos representes das classes e vereadores.<\/p>\n<p>&nbsp;<\/p>\n<p>&nbsp;<\/p>\n<p>&nbsp;<\/p>\n<p>&nbsp;<\/p>\n<p><strong>Fonte: Secom Coruripe<\/strong><\/p>\n<p>&nbsp;<\/p>\n","protected":false},"excerpt":{"rendered":"<p>O prefeito Marcelo Beltr\u00e3o reuniu na manh\u00e3 desta quarta-feira (07), no audit\u00f3rio da Secretaria de Sa\u00fade, os Agentes Comunit\u00e1rios de Sa\u00fade (ACS) e os Agentes Comunit\u00e1rios de Endemia (ACE) para anunciar o piso salarial nacional. &nbsp; Na ocasi\u00e3o, o gestor assinou a mensagem que encaminha o Projeto de Lei n\u00ba 011\/2022, que fixa o piso &hellip;<\/p>\n","protected":false},"author":2,"featured_media":24150,"comment_status":"open","ping_status":"open","sticky":false,"template":"","format":"standard","meta":{"_jetpack_memberships_contains_paid_content":false,"footnotes":""},"categories":[4,1],"tags":[],"class_list":["post-24146","post","type-post","status-publish","format-standard","has-post-thumbnail","hentry","category-alagoas","category-destaque"],"jetpack_featured_media_url":"https:\/\/www.oparanews.com.br\/wp-content\/uploads\/2022\/07\/WhatsApp-Image-2022-07-07-at-15.16.08.jpeg","jetpack_sharing_enabled":true,"_links":{"self":[{"href":"https:\/\/www.oparanews.com.br\/index.php\/wp-json\/wp\/v2\/posts\/24146","targetHints":{"allow":["GET"]}}],"collection":[{"href":"https:\/\/www.oparanews.com.br\/index.php\/wp-json\/wp\/v2\/posts"}],"about":[{"href":"https:\/\/www.oparanews.com.br\/index.php\/wp-json\/wp\/v2\/types\/post"}],"author":[{"embeddable":true,"href":"https:\/\/www.oparanews.com.br\/index.php\/wp-json\/wp\/v2\/users\/2"}],"replies":[{"embeddable":true,"href":"https:\/\/www.oparanews.com.br\/index.php\/wp-json\/wp\/v2\/comments?post=24146"}],"version-history":[{"count":2,"href":"https:\/\/www.oparanews.com.br\/index.php\/wp-json\/wp\/v2\/posts\/24146\/revisions"}],"predecessor-version":[{"id":24151,"href":"https:\/\/www.oparanews.com.br\/index.php\/wp-json\/wp\/v2\/posts\/24146\/revisions\/24151"}],"wp:featuredmedia":[{"embeddable":true,"href":"https:\/\/www.oparanews.com.br\/index.php\/wp-json\/wp\/v2\/media\/24150"}],"wp:attachment":[{"href":"https:\/\/www.oparanews.com.br\/index.php\/wp-json\/wp\/v2\/media?parent=24146"}],"wp:term":[{"taxonomy":"category","embeddable":true,"href":"https:\/\/www.oparanews.com.br\/index.php\/wp-json\/wp\/v2\/categories?post=24146"},{"taxonomy":"post_tag","embeddable":true,"href":"https:\/\/www.oparanews.com.br\/index.php\/wp-json\/wp\/v2\/tags?post=24146"}],"curies":[{"name":"wp","href":"https:\/\/api.w.org\/{rel}","templated":true}]}}