{"id":24169,"date":"2022-07-10T20:52:55","date_gmt":"2022-07-10T23:52:55","guid":{"rendered":"https:\/\/www.oparanews.com.br\/?p=24169"},"modified":"2022-07-10T20:52:55","modified_gmt":"2022-07-10T23:52:55","slug":"preso-e-encontrado-morto-dentro-de-penitenciaria-em-maceio","status":"publish","type":"post","link":"https:\/\/www.oparanews.com.br\/index.php\/2022\/07\/10\/preso-e-encontrado-morto-dentro-de-penitenciaria-em-maceio\/","title":{"rendered":"Preso \u00e9 encontrado morto dentro de penitenci\u00e1ria em Macei\u00f3"},"content":{"rendered":"<p>Um preso da Penitenci\u00e1ria Masculina Baldomero Cavalcanti, do sistema prisional de Macei\u00f3, foi encontrado morto dentro de uma das celas do m\u00f3dulo quatro da unidade. O corpo do preso foi encontrado pelos policiais penais na manh\u00e3 deste domingo (10).<\/p>\n<p>&nbsp;<\/p>\n<p>De acordo com a assessoria de comunica\u00e7\u00e3o da Secretaria de Estado de Ressocializa\u00e7\u00e3o e Inclus\u00e3o Social (Seris), o m\u00f3dulo foi isolado e os presos que estavam na cela com a v\u00edtima, ainda n\u00e3o identificada, foram retirados do local.<\/p>\n<p>&nbsp;<\/p>\n<p>A secretaria informou que um procedimento administrativo disciplinar foi instaurado para investigar o crime e a fam\u00edlia da v\u00edtima foi informada da morte por uma equipe psicossocial do sistema prisional.<\/p>\n<p>&nbsp;<\/p>\n<p>Diferente do que o g1 noticiou no come\u00e7o da tarde deste domingo (10), ainda n\u00e3o h\u00e1 confirma\u00e7\u00e3o de que o preso foi assassinado. Segundo o delegado plantonista da Delegacia de Homic\u00eddios e Prote\u00e7\u00e3o a Pessoas, Ronilson Medeiros, ainda n\u00e3o indicativos que um homic\u00eddio tenha ocorrido.<\/p>\n<p>&nbsp;<\/p>\n<p>&#8220;O corpo n\u00e3o apresenta sinais vis\u00edveis de viol\u00eancia, mas \u00e9 preciso investigar o caso para explicar o que houve&#8221;, disse Medeiros.<\/p>\n<p>&nbsp;<\/p>\n<p>Equipes das Pol\u00edcias Civil e Cient\u00edfica foram acionadas para dar in\u00edcio as investiga\u00e7\u00f5es e para ouvir os presos que estavam na cela com o homem assassinado.<\/p>\n<p>&nbsp;<\/p>\n<p>&nbsp;<\/p>\n<p>&nbsp;<\/p>\n<p><strong>por Erik Maia, g1 AL<\/strong><\/p>\n<p>&nbsp;<\/p>\n","protected":false},"excerpt":{"rendered":"<p>Um preso da Penitenci\u00e1ria Masculina Baldomero Cavalcanti, do sistema prisional de Macei\u00f3, foi encontrado morto dentro de uma das celas do m\u00f3dulo quatro da unidade. O corpo do preso foi encontrado pelos policiais penais na manh\u00e3 deste domingo (10). &nbsp; De acordo com a assessoria de comunica\u00e7\u00e3o da Secretaria de Estado de Ressocializa\u00e7\u00e3o e Inclus\u00e3o &hellip;<\/p>\n","protected":false},"author":2,"featured_media":24170,"comment_status":"open","ping_status":"open","sticky":false,"template":"","format":"standard","meta":{"_jetpack_memberships_contains_paid_content":false,"footnotes":""},"categories":[4,1],"tags":[],"class_list":["post-24169","post","type-post","status-publish","format-standard","has-post-thumbnail","hentry","category-alagoas","category-destaque"],"jetpack_featured_media_url":"https:\/\/www.oparanews.com.br\/wp-content\/uploads\/2022\/07\/vistoria_presidio_3-_boldomero.webp","jetpack_sharing_enabled":true,"_links":{"self":[{"href":"https:\/\/www.oparanews.com.br\/index.php\/wp-json\/wp\/v2\/posts\/24169","targetHints":{"allow":["GET"]}}],"collection":[{"href":"https:\/\/www.oparanews.com.br\/index.php\/wp-json\/wp\/v2\/posts"}],"about":[{"href":"https:\/\/www.oparanews.com.br\/index.php\/wp-json\/wp\/v2\/types\/post"}],"author":[{"embeddable":true,"href":"https:\/\/www.oparanews.com.br\/index.php\/wp-json\/wp\/v2\/users\/2"}],"replies":[{"embeddable":true,"href":"https:\/\/www.oparanews.com.br\/index.php\/wp-json\/wp\/v2\/comments?post=24169"}],"version-history":[{"count":1,"href":"https:\/\/www.oparanews.com.br\/index.php\/wp-json\/wp\/v2\/posts\/24169\/revisions"}],"predecessor-version":[{"id":24171,"href":"https:\/\/www.oparanews.com.br\/index.php\/wp-json\/wp\/v2\/posts\/24169\/revisions\/24171"}],"wp:featuredmedia":[{"embeddable":true,"href":"https:\/\/www.oparanews.com.br\/index.php\/wp-json\/wp\/v2\/media\/24170"}],"wp:attachment":[{"href":"https:\/\/www.oparanews.com.br\/index.php\/wp-json\/wp\/v2\/media?parent=24169"}],"wp:term":[{"taxonomy":"category","embeddable":true,"href":"https:\/\/www.oparanews.com.br\/index.php\/wp-json\/wp\/v2\/categories?post=24169"},{"taxonomy":"post_tag","embeddable":true,"href":"https:\/\/www.oparanews.com.br\/index.php\/wp-json\/wp\/v2\/tags?post=24169"}],"curies":[{"name":"wp","href":"https:\/\/api.w.org\/{rel}","templated":true}]}}