{"id":24189,"date":"2022-07-11T22:06:35","date_gmt":"2022-07-12T01:06:35","guid":{"rendered":"https:\/\/www.oparanews.com.br\/?p=24189"},"modified":"2022-07-11T22:06:35","modified_gmt":"2022-07-12T01:06:35","slug":"concurso-do-conselho-regional-de-nutricionistas-tem-vaga-para-al","status":"publish","type":"post","link":"https:\/\/www.oparanews.com.br\/index.php\/2022\/07\/11\/concurso-do-conselho-regional-de-nutricionistas-tem-vaga-para-al\/","title":{"rendered":"Concurso do Conselho Regional de Nutricionistas tem vaga para AL"},"content":{"rendered":"<p>O Conselho Regional de Nutricionistas da 6\u00aa Regi\u00e3o publicou, nesta segunda-feira (11), o edital do concurso p\u00fablico com cinco vagas para nutricionista fiscal e Alagoas, Para\u00edba, Pernambuco e Rio Grande do Norte. Existem, ainda, outras 75 oportunidades para cadastro reserva. As inscri\u00e7\u00f5es podem ser feitas a partir desta segunda-feira (11) at\u00e9 23h do dia 4 de agosto, <a href=\"https:\/\/concursos.quadrix.org.br\/default.aspx\"><strong>no site da organizadora do certame<\/strong><\/a>.<\/p>\n<p>&nbsp;<\/p>\n<p><a href=\"http:\/\/www.quadrix.org.br\/web\/visualizar.html?file=http:\/\/www.quadrix.org.br\/Archives\/General\/26538\/26814\/26819\/23E387FFB7C0\/1_CRN-6_concurso_publico%20_2022_edital_1.pdf\"><strong>Veja o edital do concurso<\/strong><\/a><\/p>\n<p>&nbsp;<\/p>\n<p><a href=\"https:\/\/concursos.quadrix.org.br\/default.aspx\"><strong>P\u00e1gina para inscri\u00e7\u00f5es no concurso<\/strong><\/a><\/p>\n<p>&nbsp;<\/p>\n<p><strong>Vagas para concurso do Conselho Regional de Nutricionistas<\/strong><\/p>\n<table class=\"show-table__content\n show-table__content--highlight-top        \"><\/p>\n<tbody>\n<tr>\n<td>Vagas<\/td>\n<td>Local<\/td>\n<\/tr>\n<tr>\n<td>1<\/td>\n<td>Arapiraca &#8211; AL<\/td>\n<\/tr>\n<tr>\n<td>1<\/td>\n<td>Campina Grande &#8211; PB<\/td>\n<\/tr>\n<tr>\n<td>1<\/td>\n<td>Caruaru &#8211; PE<\/td>\n<\/tr>\n<tr>\n<td>1<\/td>\n<td>Mossor\u00f3 &#8211; RN<\/td>\n<\/tr>\n<tr>\n<td>1<\/td>\n<td>Petrolina &#8211; PB<\/td>\n<\/tr>\n<\/tbody>\n<\/table>\n<p>Para concorrer a uma vaga, o candidato precisa ter diploma de curso superior de nutri\u00e7\u00e3o, registro no Conselho Regional de Nutricionistas (CRN) e Carteira Nacional de Habilita\u00e7\u00e3o Categoria \u201cB\u201d. A taxa de inscri\u00e7\u00e3o custa R$ 80. O sal\u00e1rio \u00e9 de R$ 3.397,37.<\/p>\n<p>&nbsp;<\/p>\n<p>O concurso ser\u00e1 formado por uma prova objetiva (de conhecimentos b\u00e1sicos, espec\u00edficos e complementares), prova discursiva (conhecimentos espec\u00edficos) e avalia\u00e7\u00e3o de t\u00edtulos.<\/p>\n<p>&nbsp;<\/p>\n<p>As etapas do certame v\u00e3o acontecer em Jo\u00e3o Pessoa, na Para\u00edba; Macei\u00f3, em Alagoas; Natal, no Rio Grande do Norte; e Recife, em Pernambuco. As provas objetivas e discursivas est\u00e3o previstas para o dia 11 de setembro.<\/p>\n<p>&nbsp;<\/p>\n<p>Os locais e hor\u00e1rios das provas objetivas e discursivas devem ser divulgadas no dia 6 de setembro. J\u00e1 o envio dos documentos para a avalia\u00e7\u00e3o de t\u00edtulos deve acontecer entre 16 e 18 de novembro. Ainda n\u00e3o h\u00e1 data prevista para divulga\u00e7\u00e3o do resultado final.<\/p>\n<p>&nbsp;<\/p>\n<p>Concurso p\u00fablico do Conselho Regional de Nutricionistas da 6\u00aa Regi\u00e3o<\/p>\n<p>&nbsp;<\/p>\n<p>Vagas: 5<br \/>\nN\u00edveis: superior<br \/>\nRemunera\u00e7\u00e3o: R$ 3.397,37.<br \/>\nLocal de inscri\u00e7\u00e3o: site da organizadora<br \/>\nPrazo de inscri\u00e7\u00f5es: at\u00e9 4 de agosto<br \/>\nData de aplica\u00e7\u00e3o das provas objetivas: 11 de setembro<br \/>\nEdital do concurso p\u00fablico do Conselho Regional de Nutricionistas da 6\u00aa Regi\u00e3o<\/p>\n<p>&nbsp;<\/p>\n<p>&nbsp;<\/p>\n<p>&nbsp;<\/p>\n<p><strong>Por g1 PB<\/strong><\/p>\n<p>&nbsp;<\/p>\n","protected":false},"excerpt":{"rendered":"<p>O Conselho Regional de Nutricionistas da 6\u00aa Regi\u00e3o publicou, nesta segunda-feira (11), o edital do concurso p\u00fablico com cinco vagas para nutricionista fiscal e Alagoas, Para\u00edba, Pernambuco e Rio Grande do Norte. Existem, ainda, outras 75 oportunidades para cadastro reserva. As inscri\u00e7\u00f5es podem ser feitas a partir desta segunda-feira (11) at\u00e9 23h do dia 4 &hellip;<\/p>\n","protected":false},"author":2,"featured_media":24190,"comment_status":"open","ping_status":"open","sticky":false,"template":"","format":"standard","meta":{"_jetpack_memberships_contains_paid_content":false,"footnotes":""},"categories":[4],"tags":[],"class_list":["post-24189","post","type-post","status-publish","format-standard","has-post-thumbnail","hentry","category-alagoas"],"jetpack_featured_media_url":"https:\/\/www.oparanews.com.br\/wp-content\/uploads\/2022\/07\/cref.webp","jetpack_sharing_enabled":true,"_links":{"self":[{"href":"https:\/\/www.oparanews.com.br\/index.php\/wp-json\/wp\/v2\/posts\/24189","targetHints":{"allow":["GET"]}}],"collection":[{"href":"https:\/\/www.oparanews.com.br\/index.php\/wp-json\/wp\/v2\/posts"}],"about":[{"href":"https:\/\/www.oparanews.com.br\/index.php\/wp-json\/wp\/v2\/types\/post"}],"author":[{"embeddable":true,"href":"https:\/\/www.oparanews.com.br\/index.php\/wp-json\/wp\/v2\/users\/2"}],"replies":[{"embeddable":true,"href":"https:\/\/www.oparanews.com.br\/index.php\/wp-json\/wp\/v2\/comments?post=24189"}],"version-history":[{"count":1,"href":"https:\/\/www.oparanews.com.br\/index.php\/wp-json\/wp\/v2\/posts\/24189\/revisions"}],"predecessor-version":[{"id":24191,"href":"https:\/\/www.oparanews.com.br\/index.php\/wp-json\/wp\/v2\/posts\/24189\/revisions\/24191"}],"wp:featuredmedia":[{"embeddable":true,"href":"https:\/\/www.oparanews.com.br\/index.php\/wp-json\/wp\/v2\/media\/24190"}],"wp:attachment":[{"href":"https:\/\/www.oparanews.com.br\/index.php\/wp-json\/wp\/v2\/media?parent=24189"}],"wp:term":[{"taxonomy":"category","embeddable":true,"href":"https:\/\/www.oparanews.com.br\/index.php\/wp-json\/wp\/v2\/categories?post=24189"},{"taxonomy":"post_tag","embeddable":true,"href":"https:\/\/www.oparanews.com.br\/index.php\/wp-json\/wp\/v2\/tags?post=24189"}],"curies":[{"name":"wp","href":"https:\/\/api.w.org\/{rel}","templated":true}]}}