{"id":24199,"date":"2022-07-12T15:21:58","date_gmt":"2022-07-12T18:21:58","guid":{"rendered":"https:\/\/www.oparanews.com.br\/?p=24199"},"modified":"2022-07-12T15:22:54","modified_gmt":"2022-07-12T18:22:54","slug":"destino-penedo-e-apresentado-para-mais-uma-operadora-de-turismo-do-brasil","status":"publish","type":"post","link":"https:\/\/www.oparanews.com.br\/index.php\/2022\/07\/12\/destino-penedo-e-apresentado-para-mais-uma-operadora-de-turismo-do-brasil\/","title":{"rendered":"Destino Penedo \u00e9 apresentado para mais uma operadora de turismo do Brasil"},"content":{"rendered":"<p>O Prefeito Ronaldo Lopes apresentou o Destino Penedo ao diretor executivo da WS Turismo, Waldir Santos, empres\u00e1rio que tamb\u00e9m \u00e9 representante da operadora CVC para Alagoas.<\/p>\n<p>&nbsp;<\/p>\n<p>O encontro realizado em Macei\u00f3 nesta segunda-feira, 11, foi assessorado pelos Secret\u00e1rios Jair Galv\u00e3o (Turismo) e Pedro Soares (Desenvolvimento Econ\u00f4mico, Com\u00e9rcio e Ind\u00fastria).<\/p>\n<p>&nbsp;<\/p>\n<p>\u201cN\u00f3s fomos alinhar poss\u00edveis projetos de venda do Destino Penedo para a operadora CVC, seja como trabalho direcionado para cidades hist\u00f3ricas ou programas personalizados para o p\u00fablico regional situado em um raio de aproximadamente 300 quil\u00f4metros de Penedo\u201d, explica o gestor do Setur, Jair Galv\u00e3o.<\/p>\n<p>&nbsp;<\/p>\n<p>A op\u00e7\u00e3o para o turista utilizar as instala\u00e7\u00f5es\/servi\u00e7os dos meios de hospedagem de Penedo, sem fazer o permoite \u2013 conhecida day use \u2013 tamb\u00e9m foi debatida durante a agendas de trabalho para divulga\u00e7\u00e3o e venda do Destino Penedo.<\/p>\n<p>&nbsp;<\/p>\n<p>\u201cEstamos trabalhando para dinamizar a atividade tur\u00edstica em Penedo e o envolvimento de empresas para a forma\u00e7\u00e3o de parcerias \u00e9 fundamental para a cria\u00e7\u00e3o de novas oportunidades para nossa popula\u00e7\u00e3o\u201d, explica Ronaldo Lopes sobre a iniciativa que busca gerar emprego e renda.<\/p>\n<p>&nbsp;<\/p>\n<p>&nbsp;<\/p>\n<p>&nbsp;<\/p>\n<p><strong>por Fernando Vin\u00edcius \u2013 Secom PMP<\/strong><\/p>\n<p>&nbsp;<\/p>\n","protected":false},"excerpt":{"rendered":"<p>O Prefeito Ronaldo Lopes apresentou o Destino Penedo ao diretor executivo da WS Turismo, Waldir Santos, empres\u00e1rio que tamb\u00e9m \u00e9 representante da operadora CVC para Alagoas. &nbsp; O encontro realizado em Macei\u00f3 nesta segunda-feira, 11, foi assessorado pelos Secret\u00e1rios Jair Galv\u00e3o (Turismo) e Pedro Soares (Desenvolvimento Econ\u00f4mico, Com\u00e9rcio e Ind\u00fastria). &nbsp; \u201cN\u00f3s fomos alinhar poss\u00edveis &hellip;<\/p>\n","protected":false},"author":2,"featured_media":24200,"comment_status":"open","ping_status":"open","sticky":false,"template":"","format":"standard","meta":{"_jetpack_memberships_contains_paid_content":false,"footnotes":""},"categories":[1,3],"tags":[],"class_list":["post-24199","post","type-post","status-publish","format-standard","has-post-thumbnail","hentry","category-destaque","category-penedo"],"jetpack_featured_media_url":"https:\/\/www.oparanews.com.br\/wp-content\/uploads\/2022\/07\/Sem-titulo-2.jpg","jetpack_sharing_enabled":true,"_links":{"self":[{"href":"https:\/\/www.oparanews.com.br\/index.php\/wp-json\/wp\/v2\/posts\/24199","targetHints":{"allow":["GET"]}}],"collection":[{"href":"https:\/\/www.oparanews.com.br\/index.php\/wp-json\/wp\/v2\/posts"}],"about":[{"href":"https:\/\/www.oparanews.com.br\/index.php\/wp-json\/wp\/v2\/types\/post"}],"author":[{"embeddable":true,"href":"https:\/\/www.oparanews.com.br\/index.php\/wp-json\/wp\/v2\/users\/2"}],"replies":[{"embeddable":true,"href":"https:\/\/www.oparanews.com.br\/index.php\/wp-json\/wp\/v2\/comments?post=24199"}],"version-history":[{"count":2,"href":"https:\/\/www.oparanews.com.br\/index.php\/wp-json\/wp\/v2\/posts\/24199\/revisions"}],"predecessor-version":[{"id":24202,"href":"https:\/\/www.oparanews.com.br\/index.php\/wp-json\/wp\/v2\/posts\/24199\/revisions\/24202"}],"wp:featuredmedia":[{"embeddable":true,"href":"https:\/\/www.oparanews.com.br\/index.php\/wp-json\/wp\/v2\/media\/24200"}],"wp:attachment":[{"href":"https:\/\/www.oparanews.com.br\/index.php\/wp-json\/wp\/v2\/media?parent=24199"}],"wp:term":[{"taxonomy":"category","embeddable":true,"href":"https:\/\/www.oparanews.com.br\/index.php\/wp-json\/wp\/v2\/categories?post=24199"},{"taxonomy":"post_tag","embeddable":true,"href":"https:\/\/www.oparanews.com.br\/index.php\/wp-json\/wp\/v2\/tags?post=24199"}],"curies":[{"name":"wp","href":"https:\/\/api.w.org\/{rel}","templated":true}]}}