{"id":24206,"date":"2022-07-13T14:32:49","date_gmt":"2022-07-13T17:32:49","guid":{"rendered":"https:\/\/www.oparanews.com.br\/?p=24206"},"modified":"2022-07-13T14:32:49","modified_gmt":"2022-07-13T17:32:49","slug":"secretaria-de-saude-de-penedo-voltara-a-publicar-boletim-da-covid-19","status":"publish","type":"post","link":"https:\/\/www.oparanews.com.br\/index.php\/2022\/07\/13\/secretaria-de-saude-de-penedo-voltara-a-publicar-boletim-da-covid-19\/","title":{"rendered":"Secretaria de Sa\u00fade de Penedo voltar\u00e1 a publicar Boletim da Covid-19"},"content":{"rendered":"<p>A Secretaria Municipal de Sa\u00fade (SEMS) da Prefeitura de Penedo voltar\u00e1 a publicar boletins sobre a pandemia de Covid-19, agora com periodicidade semanal, a cada sexta-feira.<\/p>\n<p>&nbsp;<\/p>\n<p>A informa\u00e7\u00e3o foi divulgada pelo gestor da SEMS, Epit\u00e1cio Correia, nesta quarta-feira, 13, durante entrevista ao programa Linha Direta (R\u00e1dio Nova Farol).<\/p>\n<p>&nbsp;<\/p>\n<p>\u201cJ\u00e1 v\u00ednhamos fazendo essa divulga\u00e7\u00e3o de boletins com casos dengue, zika e chikungunya, mas vamos voltar a emitir boletins da Covid tamb\u00e9m por causa do ressurgimento de novos casos\u201d, informou o Secret\u00e1rio Municipal de Sa\u00fade.<\/p>\n<p>&nbsp;<\/p>\n<p>Ele tamb\u00e9m esclareceu diversos questionamentos da popula\u00e7\u00e3o e trouxe muitas informa\u00e7\u00f5es sobre a assist\u00eancia relacionada com a Covid-19 em Penedo.<\/p>\n<p>&nbsp;<\/p>\n<p>\u201cMontamos uma central de apoio na Cohab de testagens para receber as pessoas com sintomas respirat\u00f3rios. Ap\u00f3s passar por uma consulta, \u00e9 o m\u00e9dico que vai indicar a necessidade ou n\u00e3o do teste\u201d, explicou, ressaltando o respeito ao protocolo de tempo de sintomas para evitar o diagn\u00f3stico de \u2018falso negativo\u2019 para o paciente.<\/p>\n<p>&nbsp;<\/p>\n<p><strong>Novos casos de Covid-19<\/strong><\/p>\n<p>&nbsp;<\/p>\n<p>\u201cNos meses de abril e maio, Penedo n\u00e3o teve nenhum novo caso positivo de Covid, mas agora, junho e julho, n\u00f3s voltamos a ter casos positivos. A gente entende que esse ressurgimento seja em virtude das medidas flexibilizadas e as pessoas que retornaram a se aglomerar e se descuidado com o uso de m\u00e1scaras e a higieniza\u00e7\u00e3o\u201d, disse Epit\u00e1cio Correia.<\/p>\n<p>&nbsp;<\/p>\n<p>Ainda durante a entrevista, o Secret\u00e1rio de Sa\u00fade de Penedo frisou que a vacina \u00e9 muito importante para manter os n\u00fameros sob controle e por isso a popula\u00e7\u00e3o deve estar atenta e manter o cart\u00e3o de vacina\u00e7\u00e3o atualizado.<\/p>\n<p>&nbsp;<\/p>\n<p>\u201cO munic\u00edpio tem uma cobertura vacinal muito boa, mas existem pessoas que mostram ter uma resist\u00eancia em completar o ciclo vacinal. \u00c9 importante ressaltar que, em virtude da vacina, esses casos positivos t\u00eam sintomas muito mais leve, inclusive as pessoas podem se curar em casa, sob as orienta\u00e7\u00f5es m\u00e9dicas\u201d, explicou Epit\u00e1cio.<\/p>\n<p>&nbsp;<\/p>\n<p>&nbsp;<\/p>\n<p>&nbsp;<\/p>\n<p><strong>por Gabriela Flores \u2013 SEMS Penedo com edi\u00e7\u00e3o Secom PMP<\/strong><\/p>\n<p>&nbsp;<\/p>\n","protected":false},"excerpt":{"rendered":"<p>A Secretaria Municipal de Sa\u00fade (SEMS) da Prefeitura de Penedo voltar\u00e1 a publicar boletins sobre a pandemia de Covid-19, agora com periodicidade semanal, a cada sexta-feira. &nbsp; A informa\u00e7\u00e3o foi divulgada pelo gestor da SEMS, Epit\u00e1cio Correia, nesta quarta-feira, 13, durante entrevista ao programa Linha Direta (R\u00e1dio Nova Farol). &nbsp; \u201cJ\u00e1 v\u00ednhamos fazendo essa divulga\u00e7\u00e3o &hellip;<\/p>\n","protected":false},"author":2,"featured_media":24207,"comment_status":"open","ping_status":"open","sticky":false,"template":"","format":"standard","meta":{"_jetpack_memberships_contains_paid_content":false,"footnotes":""},"categories":[1,3],"tags":[],"class_list":["post-24206","post","type-post","status-publish","format-standard","has-post-thumbnail","hentry","category-destaque","category-penedo"],"jetpack_featured_media_url":"https:\/\/www.oparanews.com.br\/wp-content\/uploads\/2022\/07\/penedo-recorde-vacina-contra-covid.jpeg","jetpack_sharing_enabled":true,"_links":{"self":[{"href":"https:\/\/www.oparanews.com.br\/index.php\/wp-json\/wp\/v2\/posts\/24206","targetHints":{"allow":["GET"]}}],"collection":[{"href":"https:\/\/www.oparanews.com.br\/index.php\/wp-json\/wp\/v2\/posts"}],"about":[{"href":"https:\/\/www.oparanews.com.br\/index.php\/wp-json\/wp\/v2\/types\/post"}],"author":[{"embeddable":true,"href":"https:\/\/www.oparanews.com.br\/index.php\/wp-json\/wp\/v2\/users\/2"}],"replies":[{"embeddable":true,"href":"https:\/\/www.oparanews.com.br\/index.php\/wp-json\/wp\/v2\/comments?post=24206"}],"version-history":[{"count":1,"href":"https:\/\/www.oparanews.com.br\/index.php\/wp-json\/wp\/v2\/posts\/24206\/revisions"}],"predecessor-version":[{"id":24208,"href":"https:\/\/www.oparanews.com.br\/index.php\/wp-json\/wp\/v2\/posts\/24206\/revisions\/24208"}],"wp:featuredmedia":[{"embeddable":true,"href":"https:\/\/www.oparanews.com.br\/index.php\/wp-json\/wp\/v2\/media\/24207"}],"wp:attachment":[{"href":"https:\/\/www.oparanews.com.br\/index.php\/wp-json\/wp\/v2\/media?parent=24206"}],"wp:term":[{"taxonomy":"category","embeddable":true,"href":"https:\/\/www.oparanews.com.br\/index.php\/wp-json\/wp\/v2\/categories?post=24206"},{"taxonomy":"post_tag","embeddable":true,"href":"https:\/\/www.oparanews.com.br\/index.php\/wp-json\/wp\/v2\/tags?post=24206"}],"curies":[{"name":"wp","href":"https:\/\/api.w.org\/{rel}","templated":true}]}}