{"id":24209,"date":"2022-07-13T14:34:42","date_gmt":"2022-07-13T17:34:42","guid":{"rendered":"https:\/\/www.oparanews.com.br\/?p=24209"},"modified":"2022-07-13T14:37:22","modified_gmt":"2022-07-13T17:37:22","slug":"com-apoio-da-prefeitura-grupo-gay-de-penedo-realiza-a-4a-edicao-da-semana-da-diversidade","status":"publish","type":"post","link":"https:\/\/www.oparanews.com.br\/index.php\/2022\/07\/13\/com-apoio-da-prefeitura-grupo-gay-de-penedo-realiza-a-4a-edicao-da-semana-da-diversidade\/","title":{"rendered":"Com apoio da prefeitura, Grupo Gay de Penedo realiza a 4\u00aa edi\u00e7\u00e3o da Semana da Diversidade"},"content":{"rendered":"<p>Com o apoio do governo Ronaldo Lopes, o Grupo Gay de Penedo inicia nesta quarta-feira, 13, a programa\u00e7\u00e3o da Semana da Diversidade.<\/p>\n<p>&nbsp;<\/p>\n<p><a href=\"http:\/\/www.oparanews.com.br\/wp-content\/uploads\/2022\/07\/aaaaa.jpg\"><img loading=\"lazy\" decoding=\"async\" class=\"alignleft size-medium wp-image-24210\" src=\"http:\/\/www.oparanews.com.br\/wp-content\/uploads\/2022\/07\/aaaaa-300x300.jpg\" alt=\"\" width=\"300\" height=\"300\" srcset=\"https:\/\/www.oparanews.com.br\/wp-content\/uploads\/2022\/07\/aaaaa-300x300.jpg 300w, https:\/\/www.oparanews.com.br\/wp-content\/uploads\/2022\/07\/aaaaa-1024x1024.jpg 1024w, https:\/\/www.oparanews.com.br\/wp-content\/uploads\/2022\/07\/aaaaa-150x150.jpg 150w, https:\/\/www.oparanews.com.br\/wp-content\/uploads\/2022\/07\/aaaaa-768x768.jpg 768w, https:\/\/www.oparanews.com.br\/wp-content\/uploads\/2022\/07\/aaaaa.jpg 1080w\" sizes=\"auto, (max-width: 300px) 100vw, 300px\" \/><\/a>As atividades come\u00e7am com o 4\u00ba Semin\u00e1rio Penedense da Popula\u00e7\u00e3o LGBTQIA+ que tem como tema \u201cPopula\u00e7\u00e3o (IN) Visibilizada, Direitos Violados\u201d, evento que acontece no Theatro Sete de Setembro.<\/p>\n<p>&nbsp;<\/p>\n<p>A Semana da Diversidade ser\u00e1 conclu\u00edda no pr\u00f3ximo s\u00e1bado, 16, com a Parada da Diversidade Sexual do Baixo S\u00e3o Francisco e tem como objetivo fortalecer as pol\u00edticas p\u00fablicas da luta contra a homofobia e todo tipo de preconceito.<\/p>\n<p>&nbsp;<\/p>\n<p>A parceria com a Prefeitura de Penedo inclui a Secretaria Municipal de Sa\u00fade, com a oferta de testes r\u00e1pido de ISTs (Infec\u00e7\u00f5es Sexualmente Transmiss\u00edveis), informa\u00e7\u00f5es sobre cuidados com a sa\u00fade e a distribui\u00e7\u00e3o de preservativos.<\/p>\n<p>&nbsp;<\/p>\n<p><strong>Confira a programa\u00e7\u00e3o<\/strong><\/p>\n<p>&nbsp;<\/p>\n<p>De 13 a 15 de julho \u2013 4\u00ba Semin\u00e1rio Penedense da Popula\u00e7\u00e3o LGBTQIA+<br \/>\nTEMA: Popula\u00e7\u00e3o (IN) VISIBILIZADA, DIREITOS VIOLADOS<br \/>\nLocal: Theatro Sete de Setembro<\/p>\n<p>&nbsp;<\/p>\n<p>De 14 a 16 de julho das 08h \u00e0s 12h \u2013 Tenda da Preven\u00e7\u00e3o ao lado do Theatro Sete de Setembro<br \/>\nTeste R\u00e1pido ISTs<\/p>\n<p>&nbsp;<\/p>\n<p>Dia 16 de julho \u2013 16h30 \u2013 Parada da Diversidade Sexual do Baixo S\u00e3o Francisco<br \/>\nConcentra\u00e7\u00e3o: Pra\u00e7a 12 de Abril<br \/>\nPercurso at\u00e9 o Estacionamento da Prainha<br \/>\nCom trio el\u00e9trico, show de drags, DJ e Dan Souza<\/p>\n<p>&nbsp;<\/p>\n<p>&nbsp;<\/p>\n<p>&nbsp;<\/p>\n<p><strong>Fonte: Secom PMP<\/strong><\/p>\n<p>&nbsp;<\/p>\n","protected":false},"excerpt":{"rendered":"<p>Com o apoio do governo Ronaldo Lopes, o Grupo Gay de Penedo inicia nesta quarta-feira, 13, a programa\u00e7\u00e3o da Semana da Diversidade. &nbsp; As atividades come\u00e7am com o 4\u00ba Semin\u00e1rio Penedense da Popula\u00e7\u00e3o LGBTQIA+ que tem como tema \u201cPopula\u00e7\u00e3o (IN) Visibilizada, Direitos Violados\u201d, evento que acontece no Theatro Sete de Setembro. &nbsp; A Semana da &hellip;<\/p>\n","protected":false},"author":2,"featured_media":24215,"comment_status":"open","ping_status":"open","sticky":false,"template":"","format":"standard","meta":{"_jetpack_memberships_contains_paid_content":false,"footnotes":""},"categories":[1,3],"tags":[],"class_list":["post-24209","post","type-post","status-publish","format-standard","has-post-thumbnail","hentry","category-destaque","category-penedo"],"jetpack_featured_media_url":"https:\/\/www.oparanews.com.br\/wp-content\/uploads\/2022\/07\/Sem-titulo-4.jpg","jetpack_sharing_enabled":true,"_links":{"self":[{"href":"https:\/\/www.oparanews.com.br\/index.php\/wp-json\/wp\/v2\/posts\/24209","targetHints":{"allow":["GET"]}}],"collection":[{"href":"https:\/\/www.oparanews.com.br\/index.php\/wp-json\/wp\/v2\/posts"}],"about":[{"href":"https:\/\/www.oparanews.com.br\/index.php\/wp-json\/wp\/v2\/types\/post"}],"author":[{"embeddable":true,"href":"https:\/\/www.oparanews.com.br\/index.php\/wp-json\/wp\/v2\/users\/2"}],"replies":[{"embeddable":true,"href":"https:\/\/www.oparanews.com.br\/index.php\/wp-json\/wp\/v2\/comments?post=24209"}],"version-history":[{"count":2,"href":"https:\/\/www.oparanews.com.br\/index.php\/wp-json\/wp\/v2\/posts\/24209\/revisions"}],"predecessor-version":[{"id":24216,"href":"https:\/\/www.oparanews.com.br\/index.php\/wp-json\/wp\/v2\/posts\/24209\/revisions\/24216"}],"wp:featuredmedia":[{"embeddable":true,"href":"https:\/\/www.oparanews.com.br\/index.php\/wp-json\/wp\/v2\/media\/24215"}],"wp:attachment":[{"href":"https:\/\/www.oparanews.com.br\/index.php\/wp-json\/wp\/v2\/media?parent=24209"}],"wp:term":[{"taxonomy":"category","embeddable":true,"href":"https:\/\/www.oparanews.com.br\/index.php\/wp-json\/wp\/v2\/categories?post=24209"},{"taxonomy":"post_tag","embeddable":true,"href":"https:\/\/www.oparanews.com.br\/index.php\/wp-json\/wp\/v2\/tags?post=24209"}],"curies":[{"name":"wp","href":"https:\/\/api.w.org\/{rel}","templated":true}]}}