{"id":24212,"date":"2022-07-13T14:35:55","date_gmt":"2022-07-13T17:35:55","guid":{"rendered":"https:\/\/www.oparanews.com.br\/?p=24212"},"modified":"2022-07-13T14:35:55","modified_gmt":"2022-07-13T17:35:55","slug":"vereador-dr-epson-agradeceu-ao-prefeito-ronaldo-lopes-por-atender-requerimentos-que-apresentou-na-camara","status":"publish","type":"post","link":"https:\/\/www.oparanews.com.br\/index.php\/2022\/07\/13\/vereador-dr-epson-agradeceu-ao-prefeito-ronaldo-lopes-por-atender-requerimentos-que-apresentou-na-camara\/","title":{"rendered":"Vereador Dr. Epson agradeceu ao Prefeito Ronaldo Lopes por atender requerimentos que apresentou na C\u00e2mara"},"content":{"rendered":"<p>O Vereador Dr. Epson agradeceu ao Prefeito Ronaldo Lopes por ter atendido os requerimentos que apresentou na C\u00e2mara Municipal de Penedo, conforme destacou em seu discurso na tribuna durante a sess\u00e3o realizada em 07 de julho.<\/p>\n<p>&nbsp;<\/p>\n<p>O parlamentar falava em rela\u00e7\u00e3o ao investimento em ilumina\u00e7\u00e3o p\u00fablica para a Rodovia M\u00e1rio Freire Leahy, no trecho conhecido como Colina do Oiteiro, trabalho em curso que est\u00e1 sendo executado pela Superintend\u00eancia de Ilumina\u00e7\u00e3o P\u00fablica de Penedo (SIPE).<\/p>\n<p>&nbsp;<\/p>\n<p>Outro pleito apresentado pelo parlamentar que exerce a Medicina \u00e9 a instala\u00e7\u00e3o do Centro de Sa\u00fade da Mulher, assist\u00eancia que a Prefeitura de Penedo anuncia para funcionar no Complexo Hospitalar Dr. H\u00e9lio Lopes, obra que recupera o antigo Semep para funcionamento de especialidades m\u00e9dicas e odontol\u00f3gicas, laborat\u00f3rio de an\u00e1lises cl\u00ednicas e centro de esteriliza\u00e7\u00e3o da Secretaria Municipal de Sa\u00fade.<\/p>\n<p>&nbsp;<\/p>\n<p>&nbsp;<\/p>\n<p>&nbsp;<\/p>\n<p><strong>Fonte: Ascom CMP<\/strong><\/p>\n<p>&nbsp;<\/p>\n","protected":false},"excerpt":{"rendered":"<p>O Vereador Dr. Epson agradeceu ao Prefeito Ronaldo Lopes por ter atendido os requerimentos que apresentou na C\u00e2mara Municipal de Penedo, conforme destacou em seu discurso na tribuna durante a sess\u00e3o realizada em 07 de julho. &nbsp; O parlamentar falava em rela\u00e7\u00e3o ao investimento em ilumina\u00e7\u00e3o p\u00fablica para a Rodovia M\u00e1rio Freire Leahy, no trecho &hellip;<\/p>\n","protected":false},"author":2,"featured_media":24213,"comment_status":"open","ping_status":"open","sticky":false,"template":"","format":"standard","meta":{"_jetpack_memberships_contains_paid_content":false,"footnotes":""},"categories":[4,3],"tags":[],"class_list":["post-24212","post","type-post","status-publish","format-standard","has-post-thumbnail","hentry","category-alagoas","category-penedo"],"jetpack_featured_media_url":"https:\/\/www.oparanews.com.br\/wp-content\/uploads\/2022\/07\/Sem-titulo-3.jpg","jetpack_sharing_enabled":true,"_links":{"self":[{"href":"https:\/\/www.oparanews.com.br\/index.php\/wp-json\/wp\/v2\/posts\/24212","targetHints":{"allow":["GET"]}}],"collection":[{"href":"https:\/\/www.oparanews.com.br\/index.php\/wp-json\/wp\/v2\/posts"}],"about":[{"href":"https:\/\/www.oparanews.com.br\/index.php\/wp-json\/wp\/v2\/types\/post"}],"author":[{"embeddable":true,"href":"https:\/\/www.oparanews.com.br\/index.php\/wp-json\/wp\/v2\/users\/2"}],"replies":[{"embeddable":true,"href":"https:\/\/www.oparanews.com.br\/index.php\/wp-json\/wp\/v2\/comments?post=24212"}],"version-history":[{"count":1,"href":"https:\/\/www.oparanews.com.br\/index.php\/wp-json\/wp\/v2\/posts\/24212\/revisions"}],"predecessor-version":[{"id":24214,"href":"https:\/\/www.oparanews.com.br\/index.php\/wp-json\/wp\/v2\/posts\/24212\/revisions\/24214"}],"wp:featuredmedia":[{"embeddable":true,"href":"https:\/\/www.oparanews.com.br\/index.php\/wp-json\/wp\/v2\/media\/24213"}],"wp:attachment":[{"href":"https:\/\/www.oparanews.com.br\/index.php\/wp-json\/wp\/v2\/media?parent=24212"}],"wp:term":[{"taxonomy":"category","embeddable":true,"href":"https:\/\/www.oparanews.com.br\/index.php\/wp-json\/wp\/v2\/categories?post=24212"},{"taxonomy":"post_tag","embeddable":true,"href":"https:\/\/www.oparanews.com.br\/index.php\/wp-json\/wp\/v2\/tags?post=24212"}],"curies":[{"name":"wp","href":"https:\/\/api.w.org\/{rel}","templated":true}]}}