{"id":24227,"date":"2022-07-13T14:53:10","date_gmt":"2022-07-13T17:53:10","guid":{"rendered":"https:\/\/www.oparanews.com.br\/?p=24227"},"modified":"2022-07-13T14:53:41","modified_gmt":"2022-07-13T17:53:41","slug":"policia-civil-prende-em-penedo-idosa-suspeita-de-mandar-matar-companheiro-de-29-anos","status":"publish","type":"post","link":"https:\/\/www.oparanews.com.br\/index.php\/2022\/07\/13\/policia-civil-prende-em-penedo-idosa-suspeita-de-mandar-matar-companheiro-de-29-anos\/","title":{"rendered":"Pol\u00edcia Civil prende em Penedo idosa suspeita de mandar matar companheiro de 29 anos"},"content":{"rendered":"<p>Policiais da Delegacia de Homic\u00eddios e Prote\u00e7\u00e3o \u00e0 Pessoa (DHPP) de Macei\u00f3 prenderam uma idosa de 65 anos suspeita de mandar matar o companheiro, de 29 anos. O crime foi registrado em 2017 no bairro de Riacho Doce. A mulher foi presa em Penedo. A pris\u00e3o se deu durante uma opera\u00e7\u00e3o na manh\u00e3 desta quarta-feira (13).<\/p>\n<p>&nbsp;<\/p>\n<p>Outras cinco pessoas tamb\u00e9m foram presas na a\u00e7\u00e3o. Os mandados de pris\u00e3o tamb\u00e9m foram cumpridos nos bairros da Cidade Universit\u00e1ria, Vergel do Lago e Cleto Marques, em Macei\u00f3.<\/p>\n<p>&nbsp;<\/p>\n<p>A a\u00e7\u00e3o contou com o apoio do delegado-geral Gustavo Xavier; do gerente Metropolitano Lucim\u00e9rio Campos e do delegado Regional de Penedo, R\u00f4mulo Andrade.<\/p>\n<p>&nbsp;<\/p>\n<p><strong>Pris\u00e3o em Arapiraca<\/strong><\/p>\n<p>&nbsp;<\/p>\n<p>A pol\u00edcia divulgou ainda que, entre os casos investigados pela DHPP e que tiveram mandado de pris\u00e3o cumprido, est\u00e1 a morte do taxista Jos\u00e9 Amilton Soares, no dia 4 de julho de 2019, no Mercado da Produ\u00e7\u00e3o, no bairro da Levada.<\/p>\n<p>&nbsp;<\/p>\n<p>O suspeito, de 43 anos, estava foragido e foi preso no residencial Brisa do Lago, em Arapiraca. Ele foi preso de forma preventiva.<\/p>\n<p>&nbsp;<\/p>\n<p>&nbsp;<\/p>\n<p>&nbsp;<\/p>\n<p><strong>Fonte: G1\/AL<\/strong><\/p>\n<p>&nbsp;<\/p>\n","protected":false},"excerpt":{"rendered":"<p>Policiais da Delegacia de Homic\u00eddios e Prote\u00e7\u00e3o \u00e0 Pessoa (DHPP) de Macei\u00f3 prenderam uma idosa de 65 anos suspeita de mandar matar o companheiro, de 29 anos. O crime foi registrado em 2017 no bairro de Riacho Doce. A mulher foi presa em Penedo. A pris\u00e3o se deu durante uma opera\u00e7\u00e3o na manh\u00e3 desta quarta-feira &hellip;<\/p>\n","protected":false},"author":2,"featured_media":24228,"comment_status":"open","ping_status":"open","sticky":false,"template":"","format":"standard","meta":{"_jetpack_memberships_contains_paid_content":false,"footnotes":""},"categories":[1,3],"tags":[],"class_list":["post-24227","post","type-post","status-publish","format-standard","has-post-thumbnail","hentry","category-destaque","category-penedo"],"jetpack_featured_media_url":"https:\/\/www.oparanews.com.br\/wp-content\/uploads\/2022\/07\/whatsapp-image-2022-07-13-at-11.50.18.webp","jetpack_sharing_enabled":true,"_links":{"self":[{"href":"https:\/\/www.oparanews.com.br\/index.php\/wp-json\/wp\/v2\/posts\/24227","targetHints":{"allow":["GET"]}}],"collection":[{"href":"https:\/\/www.oparanews.com.br\/index.php\/wp-json\/wp\/v2\/posts"}],"about":[{"href":"https:\/\/www.oparanews.com.br\/index.php\/wp-json\/wp\/v2\/types\/post"}],"author":[{"embeddable":true,"href":"https:\/\/www.oparanews.com.br\/index.php\/wp-json\/wp\/v2\/users\/2"}],"replies":[{"embeddable":true,"href":"https:\/\/www.oparanews.com.br\/index.php\/wp-json\/wp\/v2\/comments?post=24227"}],"version-history":[{"count":1,"href":"https:\/\/www.oparanews.com.br\/index.php\/wp-json\/wp\/v2\/posts\/24227\/revisions"}],"predecessor-version":[{"id":24229,"href":"https:\/\/www.oparanews.com.br\/index.php\/wp-json\/wp\/v2\/posts\/24227\/revisions\/24229"}],"wp:featuredmedia":[{"embeddable":true,"href":"https:\/\/www.oparanews.com.br\/index.php\/wp-json\/wp\/v2\/media\/24228"}],"wp:attachment":[{"href":"https:\/\/www.oparanews.com.br\/index.php\/wp-json\/wp\/v2\/media?parent=24227"}],"wp:term":[{"taxonomy":"category","embeddable":true,"href":"https:\/\/www.oparanews.com.br\/index.php\/wp-json\/wp\/v2\/categories?post=24227"},{"taxonomy":"post_tag","embeddable":true,"href":"https:\/\/www.oparanews.com.br\/index.php\/wp-json\/wp\/v2\/tags?post=24227"}],"curies":[{"name":"wp","href":"https:\/\/api.w.org\/{rel}","templated":true}]}}