{"id":24230,"date":"2022-07-14T09:59:54","date_gmt":"2022-07-14T12:59:54","guid":{"rendered":"https:\/\/www.oparanews.com.br\/?p=24230"},"modified":"2022-07-14T09:59:54","modified_gmt":"2022-07-14T12:59:54","slug":"prefeito-ronaldo-lopes-assina-projeto-de-lei-sobre-novo-salario-dos-agentes-de-saude","status":"publish","type":"post","link":"https:\/\/www.oparanews.com.br\/index.php\/2022\/07\/14\/prefeito-ronaldo-lopes-assina-projeto-de-lei-sobre-novo-salario-dos-agentes-de-saude\/","title":{"rendered":"Prefeito Ronaldo Lopes assina projeto de lei sobre novo sal\u00e1rio dos agentes de sa\u00fade"},"content":{"rendered":"<p>O Prefeito Ronaldo Lopes assinou nesta quarta-feira, 13, o Projeto de Lei que institui o pagamento do piso nacional para Agentes Comunit\u00e1rios de Sa\u00fade (ACS) e Agentes de Combate \u00e0s Endemias (ACE).<\/p>\n<p>&nbsp;<\/p>\n<p>O ato administrativo foi acompanhado pelo Secret\u00e1rio Municipal de Sa\u00fade, Epit\u00e1cio Correia; e os vereadores Bili Marques, Rodrigo Regueira, Marcelo Pereira, Val da Banana, Derivan Thomaz, Rog\u00e9rio dos Peixoto, Irm\u00e3o Jo\u00e3o e Roberto da Farm\u00e1cia.<\/p>\n<p>&nbsp;<\/p>\n<p>J\u00e2nio Oliveira, presidente do Sindicato dos Servidores P\u00fablicos Municipais de Penedo (Sindspem) tamb\u00e9m participou da solenidade, assim como a comiss\u00e3o liderada pelo ACS M\u00e1rcio Monteiro, junto com representantes das duas categorias.<\/p>\n<p>&nbsp;<\/p>\n<p>\u201cHoje foi o maior presente que, primeiramente, Deus nos deu, e segundo essa pessoa que nos representa, que \u00e9 o Prefeito Ronaldo Lopes. O maior orgulho da minha vida eu tive hoje, ao ver o prefeito assinando esse papel\u201d, afirmou a ACS Maria Edileide Batista Barbosa.<\/p>\n<p>&nbsp;<\/p>\n<p>Servidora efetiva desde 2002, Leda \u2013 como \u00e9 conhecida \u2013 passa a recebe dois sal\u00e1rios m\u00ednimos por m\u00eas, valor do piso nacional que ser\u00e1 pago para os servidores efetivos das duas categorias, sendo que em Penedo s\u00e3o 136 ACS e 23 ACE.<\/p>\n<p>&nbsp;<\/p>\n<p>\u201cFico muito feliz em poder assinar esse ato que est\u00e1 sendo enviado para a C\u00e2mara de Vereadores, com pagamento de retroativo do sal\u00e1rio para maio e junho \u00e0s classes que s\u00e3o merecedoras desses benef\u00edcios\u201d, declarou Ronaldo Lopes.<\/p>\n<p>&nbsp;<\/p>\n<p>&nbsp;<\/p>\n<p>&nbsp;<\/p>\n<p><strong>por Fernando Vin\u00edcius &#8211; Secom PMP<\/strong><\/p>\n<p>&nbsp;<\/p>\n","protected":false},"excerpt":{"rendered":"<p>O Prefeito Ronaldo Lopes assinou nesta quarta-feira, 13, o Projeto de Lei que institui o pagamento do piso nacional para Agentes Comunit\u00e1rios de Sa\u00fade (ACS) e Agentes de Combate \u00e0s Endemias (ACE). &nbsp; O ato administrativo foi acompanhado pelo Secret\u00e1rio Municipal de Sa\u00fade, Epit\u00e1cio Correia; e os vereadores Bili Marques, Rodrigo Regueira, Marcelo Pereira, Val &hellip;<\/p>\n","protected":false},"author":2,"featured_media":24231,"comment_status":"open","ping_status":"open","sticky":false,"template":"","format":"standard","meta":{"_jetpack_memberships_contains_paid_content":false,"footnotes":""},"categories":[1,3],"tags":[],"class_list":["post-24230","post","type-post","status-publish","format-standard","has-post-thumbnail","hentry","category-destaque","category-penedo"],"jetpack_featured_media_url":"https:\/\/www.oparanews.com.br\/wp-content\/uploads\/2022\/07\/ronaldo-lopes-pl-agentes-saude.jpeg","jetpack_sharing_enabled":true,"_links":{"self":[{"href":"https:\/\/www.oparanews.com.br\/index.php\/wp-json\/wp\/v2\/posts\/24230","targetHints":{"allow":["GET"]}}],"collection":[{"href":"https:\/\/www.oparanews.com.br\/index.php\/wp-json\/wp\/v2\/posts"}],"about":[{"href":"https:\/\/www.oparanews.com.br\/index.php\/wp-json\/wp\/v2\/types\/post"}],"author":[{"embeddable":true,"href":"https:\/\/www.oparanews.com.br\/index.php\/wp-json\/wp\/v2\/users\/2"}],"replies":[{"embeddable":true,"href":"https:\/\/www.oparanews.com.br\/index.php\/wp-json\/wp\/v2\/comments?post=24230"}],"version-history":[{"count":1,"href":"https:\/\/www.oparanews.com.br\/index.php\/wp-json\/wp\/v2\/posts\/24230\/revisions"}],"predecessor-version":[{"id":24232,"href":"https:\/\/www.oparanews.com.br\/index.php\/wp-json\/wp\/v2\/posts\/24230\/revisions\/24232"}],"wp:featuredmedia":[{"embeddable":true,"href":"https:\/\/www.oparanews.com.br\/index.php\/wp-json\/wp\/v2\/media\/24231"}],"wp:attachment":[{"href":"https:\/\/www.oparanews.com.br\/index.php\/wp-json\/wp\/v2\/media?parent=24230"}],"wp:term":[{"taxonomy":"category","embeddable":true,"href":"https:\/\/www.oparanews.com.br\/index.php\/wp-json\/wp\/v2\/categories?post=24230"},{"taxonomy":"post_tag","embeddable":true,"href":"https:\/\/www.oparanews.com.br\/index.php\/wp-json\/wp\/v2\/tags?post=24230"}],"curies":[{"name":"wp","href":"https:\/\/api.w.org\/{rel}","templated":true}]}}