{"id":24239,"date":"2022-07-14T23:08:46","date_gmt":"2022-07-15T02:08:46","guid":{"rendered":"https:\/\/www.oparanews.com.br\/?p=24239"},"modified":"2022-07-14T23:08:46","modified_gmt":"2022-07-15T02:08:46","slug":"coruripe-social-prefeitura-realiza-mais-uma-entrega-aos-beneficiarios","status":"publish","type":"post","link":"https:\/\/www.oparanews.com.br\/index.php\/2022\/07\/14\/coruripe-social-prefeitura-realiza-mais-uma-entrega-aos-beneficiarios\/","title":{"rendered":"Coruripe Social: Prefeitura realiza mais uma entrega aos benefici\u00e1rios"},"content":{"rendered":"<p>Levar alimenta\u00e7\u00e3o \u00e0 mesa de centenas de fam\u00edlias coruripenses de baixa renda, esse \u00e9 o objetivo do maior programa social do munic\u00edpio de seguran\u00e7a alimentar. O Coruripe Social reuniu as 500 fam\u00edlias beneficiadas no Gin\u00e1sio Nelson Ara\u00fajo Lessa, para mais um m\u00eas de entrega, na tarde desta quarta-feira (13).<\/p>\n<p>&nbsp;<\/p>\n<p>O prefeito Marcelo Beltr\u00e3o presente ao evento, destacou a import\u00e2ncia do programa para ajudar no complemento alimentar das fam\u00edlias coruripenses nesta primeira etapa.<\/p>\n<p>&nbsp;<\/p>\n<p>&#8220;Trabalhamos para restabelecer a normalidade, com a confian\u00e7a do povo. Podemos ver com essa alegria do povo. O Coruripe Social j\u00e1 atende 500 fam\u00edlias por m\u00eas, um carinho para ficarmos mais perto e tentando devolver a dignidade para voc\u00eas. Parab\u00e9ns para todos pelo empenho com as diversas a\u00e7\u00f5es voltadas a nossa gente. Estamos lutando diariamente na esperan\u00e7a de dias melhores e obrigado pela confian\u00e7a em nosso governo&#8221;, enfatizou o chefe do Executivo.<\/p>\n<p>&nbsp;<\/p>\n<p>O programa contempla fam\u00edlias com renda de at\u00e9 R$ 100, com no m\u00e1ximo dois adultos respons\u00e1veis. E as crian\u00e7as precisam estar matriculadas na escola, com cart\u00e3o de vacina\u00e7\u00e3o em dia e Cadastro \u00danico (Cad\u00danico) atualizado.<\/p>\n<p>&nbsp;<\/p>\n<p>&#8220;De in\u00edcio, quero pedir desculpas pelo atraso de pouco dias na entrega do Coruripe Social. Todas as equipes estavam voltadas nos atendimentos das v\u00edtimas das chuvas. Mas, hoje estamos aqui cumprindo com o calend\u00e1rio de entrega das cestas. N\u00f3s temos compromisso para melhorar ainda mais a vida de voc\u00eas, esse o objetivo do programa de seguran\u00e7a alimentar. O papel do poder p\u00fablico \u00e9 trabalhar pelo povo&#8221;, afirmou a secret\u00e1ria.<\/p>\n<p>&nbsp;<\/p>\n<p>Nesta primeira etapa do programa est\u00e3o sendo beneficiadas 500 fam\u00edlias. A meta do Coruripe Social \u00e9 alcan\u00e7ar 2 mil fam\u00edlias levando alimenta\u00e7\u00e3o \u00e0 mesa. Eduarda Alves, 21 anos, \u00e9 m\u00e3e de uma menina com dois anos e mora de aluguel. A jovem afirmou que o programa \u00e9 de grande import\u00e2ncia.<\/p>\n<p>&nbsp;<\/p>\n<p>&#8220;Este programa tem ajudado muita gente neste momento dif\u00edcil. Eu moro de aluguel e tenho uma filha. Sabemos que muitas m\u00e3es est\u00e3o passando por algum tipo de dificuldade e o programa Coruripe Social vem ajudando a minimizar o sofrimento. Parab\u00e9ns \u00e0 gest\u00e3o pela iniciativa e que voc\u00eas continuem lutando por quem mais precisa de aten\u00e7\u00e3o&#8221;, encerrou a jovem que faz parte dos 500 assistidos desta primeira etapa do Coruripe Social.<\/p>\n<p>&nbsp;<\/p>\n<p>Para participar do programa, os interessados devem se dirigir \u00e0 sede da Secretaria de Assist\u00eancia Social, Trabalho e Mulher, das 08h \u00e0s 12h e das 14h \u00e0s 17h, munidos de RG, CPF, comprovante de matr\u00edcula escolar, cart\u00e3o de vacina\u00e7\u00e3o em dia e Cadastro \u00danico (Cad\u00danico) atualizado.<\/p>\n<p>&nbsp;<\/p>\n<p>&nbsp;<\/p>\n<p>&nbsp;<\/p>\n<p><strong>Fonte: Secom Coruripe<\/strong><\/p>\n<p>&nbsp;<\/p>\n","protected":false},"excerpt":{"rendered":"<p>Levar alimenta\u00e7\u00e3o \u00e0 mesa de centenas de fam\u00edlias coruripenses de baixa renda, esse \u00e9 o objetivo do maior programa social do munic\u00edpio de seguran\u00e7a alimentar. O Coruripe Social reuniu as 500 fam\u00edlias beneficiadas no Gin\u00e1sio Nelson Ara\u00fajo Lessa, para mais um m\u00eas de entrega, na tarde desta quarta-feira (13). &nbsp; O prefeito Marcelo Beltr\u00e3o presente &hellip;<\/p>\n","protected":false},"author":2,"featured_media":24240,"comment_status":"open","ping_status":"open","sticky":false,"template":"","format":"standard","meta":{"_jetpack_memberships_contains_paid_content":false,"footnotes":""},"categories":[4],"tags":[],"class_list":["post-24239","post","type-post","status-publish","format-standard","has-post-thumbnail","hentry","category-alagoas"],"jetpack_featured_media_url":"https:\/\/www.oparanews.com.br\/wp-content\/uploads\/2022\/07\/WhatsApp-Image-2022-07-13-at-17.57.52-7.jpeg","jetpack_sharing_enabled":true,"_links":{"self":[{"href":"https:\/\/www.oparanews.com.br\/index.php\/wp-json\/wp\/v2\/posts\/24239","targetHints":{"allow":["GET"]}}],"collection":[{"href":"https:\/\/www.oparanews.com.br\/index.php\/wp-json\/wp\/v2\/posts"}],"about":[{"href":"https:\/\/www.oparanews.com.br\/index.php\/wp-json\/wp\/v2\/types\/post"}],"author":[{"embeddable":true,"href":"https:\/\/www.oparanews.com.br\/index.php\/wp-json\/wp\/v2\/users\/2"}],"replies":[{"embeddable":true,"href":"https:\/\/www.oparanews.com.br\/index.php\/wp-json\/wp\/v2\/comments?post=24239"}],"version-history":[{"count":1,"href":"https:\/\/www.oparanews.com.br\/index.php\/wp-json\/wp\/v2\/posts\/24239\/revisions"}],"predecessor-version":[{"id":24241,"href":"https:\/\/www.oparanews.com.br\/index.php\/wp-json\/wp\/v2\/posts\/24239\/revisions\/24241"}],"wp:featuredmedia":[{"embeddable":true,"href":"https:\/\/www.oparanews.com.br\/index.php\/wp-json\/wp\/v2\/media\/24240"}],"wp:attachment":[{"href":"https:\/\/www.oparanews.com.br\/index.php\/wp-json\/wp\/v2\/media?parent=24239"}],"wp:term":[{"taxonomy":"category","embeddable":true,"href":"https:\/\/www.oparanews.com.br\/index.php\/wp-json\/wp\/v2\/categories?post=24239"},{"taxonomy":"post_tag","embeddable":true,"href":"https:\/\/www.oparanews.com.br\/index.php\/wp-json\/wp\/v2\/tags?post=24239"}],"curies":[{"name":"wp","href":"https:\/\/api.w.org\/{rel}","templated":true}]}}