{"id":24247,"date":"2022-07-15T16:19:38","date_gmt":"2022-07-15T19:19:38","guid":{"rendered":"https:\/\/www.oparanews.com.br\/?p=24247"},"modified":"2022-07-15T16:19:38","modified_gmt":"2022-07-15T19:19:38","slug":"programa-reconstruir-penedo-recupera-pontes-e-estradas-danificadas-pelas-chuvas","status":"publish","type":"post","link":"https:\/\/www.oparanews.com.br\/index.php\/2022\/07\/15\/programa-reconstruir-penedo-recupera-pontes-e-estradas-danificadas-pelas-chuvas\/","title":{"rendered":"Programa Reconstruir Penedo recupera pontes e estradas danificadas pelas chuvas"},"content":{"rendered":"<p>Os danos causados pelas chuvas em Penedo causaram preju\u00edzos para moradores de diversas localidades e tamb\u00e9m atingiram a infraestrutura do munic\u00edpio, na cidade e na zona rural.<\/p>\n<p>&nbsp;<\/p>\n<p>Superada a fase de medidas emergenciais para amenizar os problemas causados pelo inverno que come\u00e7ou com volume de chuvas bem acima da m\u00e9dia hist\u00f3rica, o governo Ronaldo Lopes avan\u00e7a com o Programa Reconstruir Penedo.<\/p>\n<p>&nbsp;<\/p>\n<p>Redes de saneamento, ruas, estradas e pontes est\u00e3o sendo recuperadas, trabalho que tem apoio dos governos estadual e federal, e \u00e9 coordenado pela Secretaria Municipal de Servi\u00e7os P\u00fablicos (SEMSP).<\/p>\n<p>&nbsp;<\/p>\n<p>No per\u00edmetro urbano e no meio rural, trabalhadores e m\u00e1quinas n\u00e3o param para reconstruir Penedo. Em cada lugar atingido pelo desastre natural, equipes trabalham para corrigir o que foi destru\u00eddo.<\/p>\n<p>&nbsp;<\/p>\n<p>Os estragos maiores na infraestrutura tamb\u00e9m est\u00e3o sendo reparados, a exemplo das passagens abertas em ruas do bairro Nossa Senhora de F\u00e1tima (Cor\u00e9ia) e na rodovia M\u00e1rio Freire Leahy para escoar \u00e1guas acumuladas na lagoa do Oiteiro.<\/p>\n<p>&nbsp;<\/p>\n<p>Nesta semana, mais duas obras foram iniciadas para recuperar o tr\u00e2nsito de ve\u00edculos nos povoados Marca\u00e7\u00e3o, Espig\u00e3o e Ponta Mofina.<\/p>\n<p>&nbsp;<\/p>\n<p>De acordo com o gestor da SEMSP, Ivo Costa, o trabalho de reconstru\u00e7\u00e3o na comunidade Marca\u00e7\u00e3o ser\u00e1 conclu\u00eddo at\u00e9 o final da pr\u00f3xima semana e no Espig\u00e3o em meados de agosto, se as chuvas permitirem a continuidade do cronograma dos servi\u00e7os.<\/p>\n<p>&nbsp;<\/p>\n<p>O Programa Reconstruir Penedo tamb\u00e9m avan\u00e7a em dire\u00e7\u00e3o \u00e0 comunidade Ponta Mofina.<\/p>\n<p>&nbsp;<\/p>\n<p>\u201cN\u00f3s recebemos a visita do engenheiro civil Artur Teixeira, da empresa contratada para reconstruir a ponte\u201d, informa Ivo Costa sobre mais uma a\u00e7\u00e3o efetiva na recupera\u00e7\u00e3o da infraestrutura do munic\u00edpio.<\/p>\n<p>&nbsp;<\/p>\n<p>&nbsp;<\/p>\n<p><strong>por Fernando Vin\u00edcius &#8211; Secom PMP<\/strong><\/p>\n<p>&nbsp;<\/p>\n","protected":false},"excerpt":{"rendered":"<p>Os danos causados pelas chuvas em Penedo causaram preju\u00edzos para moradores de diversas localidades e tamb\u00e9m atingiram a infraestrutura do munic\u00edpio, na cidade e na zona rural. &nbsp; Superada a fase de medidas emergenciais para amenizar os problemas causados pelo inverno que come\u00e7ou com volume de chuvas bem acima da m\u00e9dia hist\u00f3rica, o governo Ronaldo &hellip;<\/p>\n","protected":false},"author":2,"featured_media":24248,"comment_status":"open","ping_status":"open","sticky":false,"template":"","format":"standard","meta":{"_jetpack_memberships_contains_paid_content":false,"footnotes":""},"categories":[1,3],"tags":[],"class_list":["post-24247","post","type-post","status-publish","format-standard","has-post-thumbnail","hentry","category-destaque","category-penedo"],"jetpack_featured_media_url":"https:\/\/www.oparanews.com.br\/wp-content\/uploads\/2022\/07\/reconstruir-penedo-semsp-17.jpeg","jetpack_sharing_enabled":true,"_links":{"self":[{"href":"https:\/\/www.oparanews.com.br\/index.php\/wp-json\/wp\/v2\/posts\/24247","targetHints":{"allow":["GET"]}}],"collection":[{"href":"https:\/\/www.oparanews.com.br\/index.php\/wp-json\/wp\/v2\/posts"}],"about":[{"href":"https:\/\/www.oparanews.com.br\/index.php\/wp-json\/wp\/v2\/types\/post"}],"author":[{"embeddable":true,"href":"https:\/\/www.oparanews.com.br\/index.php\/wp-json\/wp\/v2\/users\/2"}],"replies":[{"embeddable":true,"href":"https:\/\/www.oparanews.com.br\/index.php\/wp-json\/wp\/v2\/comments?post=24247"}],"version-history":[{"count":1,"href":"https:\/\/www.oparanews.com.br\/index.php\/wp-json\/wp\/v2\/posts\/24247\/revisions"}],"predecessor-version":[{"id":24249,"href":"https:\/\/www.oparanews.com.br\/index.php\/wp-json\/wp\/v2\/posts\/24247\/revisions\/24249"}],"wp:featuredmedia":[{"embeddable":true,"href":"https:\/\/www.oparanews.com.br\/index.php\/wp-json\/wp\/v2\/media\/24248"}],"wp:attachment":[{"href":"https:\/\/www.oparanews.com.br\/index.php\/wp-json\/wp\/v2\/media?parent=24247"}],"wp:term":[{"taxonomy":"category","embeddable":true,"href":"https:\/\/www.oparanews.com.br\/index.php\/wp-json\/wp\/v2\/categories?post=24247"},{"taxonomy":"post_tag","embeddable":true,"href":"https:\/\/www.oparanews.com.br\/index.php\/wp-json\/wp\/v2\/tags?post=24247"}],"curies":[{"name":"wp","href":"https:\/\/api.w.org\/{rel}","templated":true}]}}