{"id":24266,"date":"2022-07-16T14:40:23","date_gmt":"2022-07-16T17:40:23","guid":{"rendered":"https:\/\/www.oparanews.com.br\/?p=24266"},"modified":"2022-07-16T14:40:23","modified_gmt":"2022-07-16T17:40:23","slug":"brasil-tem-1564-milhoes-aptos-a-votar-nas-eleicoes-de-outubro","status":"publish","type":"post","link":"https:\/\/www.oparanews.com.br\/index.php\/2022\/07\/16\/brasil-tem-1564-milhoes-aptos-a-votar-nas-eleicoes-de-outubro\/","title":{"rendered":"Brasil tem 156,4 milh\u00f5es aptos a votar nas elei\u00e7\u00f5es de outubro"},"content":{"rendered":"<p>O Tribunal Superior Eleitoral (TSE) divulgou hoje (15) o n\u00famero de eleitores aptos a votar no pleito de outubro deste ano. De acordo com o TSE, 156,4 milh\u00f5es de pessoas poder\u00e3o comparecer \u00e0s urnas no dia 2 de outubro para escolher presidente e vice-presidente da Rep\u00fablica, governadores e vice-governadores, al\u00e9m de senadores, deputados federais, estaduais e distritais.<\/p>\n<p>&nbsp;<\/p>\n<p>Em caso de segundo turno para a disputa presidencial e para governos estaduais, a elei\u00e7\u00e3o ser\u00e1 em 30 de outubro.<\/p>\n<p>&nbsp;<\/p>\n<p>As informa\u00e7\u00f5es do cadastro eleitoral mostram que a maior parte do eleitorado \u00e9 formada por mulheres &#8212; s\u00e3o 82,3 milh\u00f5es de eleitoras, n\u00famero equivalente a 52,65% do total. Os homens s\u00e3o 74 milh\u00f5es e correspondem a 47,33%.<\/p>\n<p>&nbsp;<\/p>\n<p>Com 22,16% do total de eleitores, o estado de S\u00e3o Paulo \u00e9 o maior col\u00e9gio eleitoral do pa\u00eds. Conforme estat\u00edstica do TSE, a cada cinco eleitores brasileiros, um est\u00e1 no estado.<\/p>\n<p>&nbsp;<\/p>\n<p>Minas Gerais tem o segundo maior col\u00e9gio eleitoral, com 10,41% do total, seguido pelo Rio de Janeiro, com 8,2%).<\/p>\n<p>&nbsp;<\/p>\n<p>O n\u00famero de jovens entre 16 e 17 anos que poder\u00e3o votar aumentou, passando de 1,4 milh\u00e3o no pleito de 2018, para 2,1 milh\u00f5es no neste ano.<\/p>\n<p>&nbsp;<\/p>\n<p>O eleitorado acima de 70 anos tamb\u00e9m aumentou, passando de 12 milh\u00f5es para 14 milh\u00f5es entre as duas elei\u00e7\u00f5es.<\/p>\n<p>&nbsp;<\/p>\n<p>Tamb\u00e9m houve mudan\u00e7a no n\u00edvel de escolaridade da maioria do eleitorado. Neste ano, 41,1 milh\u00f5es (26,31% do total) declararam ter ensino m\u00e9dio completo. Nas elei\u00e7\u00f5es gerais anteriores, realizadas em 2014 e 2018, a maioria era composta por pessoas com ensino fundamental incompleto.<\/p>\n<p>&nbsp;<\/p>\n<p>O eleitorado brasileiro cresceu 6,21% em rela\u00e7\u00e3o ao pleito de 2018, quando o total de pessoas aptas a votar foi de 147,3 milh\u00f5es.<\/p>\n<p>&nbsp;<\/p>\n<p>&nbsp;<\/p>\n<p>&nbsp;<\/p>\n<p><strong>Fonte: Ag\u00eancia Brasil<\/strong><\/p>\n<p>&nbsp;<\/p>\n","protected":false},"excerpt":{"rendered":"<p>O Tribunal Superior Eleitoral (TSE) divulgou hoje (15) o n\u00famero de eleitores aptos a votar no pleito de outubro deste ano. De acordo com o TSE, 156,4 milh\u00f5es de pessoas poder\u00e3o comparecer \u00e0s urnas no dia 2 de outubro para escolher presidente e vice-presidente da Rep\u00fablica, governadores e vice-governadores, al\u00e9m de senadores, deputados federais, estaduais &hellip;<\/p>\n","protected":false},"author":2,"featured_media":24267,"comment_status":"open","ping_status":"open","sticky":false,"template":"","format":"standard","meta":{"_jetpack_memberships_contains_paid_content":false,"footnotes":""},"categories":[5],"tags":[],"class_list":["post-24266","post","type-post","status-publish","format-standard","has-post-thumbnail","hentry","category-brasil-mundo"],"jetpack_featured_media_url":"https:\/\/www.oparanews.com.br\/wp-content\/uploads\/2022\/07\/naom_5f842d6769201.jpg","jetpack_sharing_enabled":true,"_links":{"self":[{"href":"https:\/\/www.oparanews.com.br\/index.php\/wp-json\/wp\/v2\/posts\/24266","targetHints":{"allow":["GET"]}}],"collection":[{"href":"https:\/\/www.oparanews.com.br\/index.php\/wp-json\/wp\/v2\/posts"}],"about":[{"href":"https:\/\/www.oparanews.com.br\/index.php\/wp-json\/wp\/v2\/types\/post"}],"author":[{"embeddable":true,"href":"https:\/\/www.oparanews.com.br\/index.php\/wp-json\/wp\/v2\/users\/2"}],"replies":[{"embeddable":true,"href":"https:\/\/www.oparanews.com.br\/index.php\/wp-json\/wp\/v2\/comments?post=24266"}],"version-history":[{"count":1,"href":"https:\/\/www.oparanews.com.br\/index.php\/wp-json\/wp\/v2\/posts\/24266\/revisions"}],"predecessor-version":[{"id":24268,"href":"https:\/\/www.oparanews.com.br\/index.php\/wp-json\/wp\/v2\/posts\/24266\/revisions\/24268"}],"wp:featuredmedia":[{"embeddable":true,"href":"https:\/\/www.oparanews.com.br\/index.php\/wp-json\/wp\/v2\/media\/24267"}],"wp:attachment":[{"href":"https:\/\/www.oparanews.com.br\/index.php\/wp-json\/wp\/v2\/media?parent=24266"}],"wp:term":[{"taxonomy":"category","embeddable":true,"href":"https:\/\/www.oparanews.com.br\/index.php\/wp-json\/wp\/v2\/categories?post=24266"},{"taxonomy":"post_tag","embeddable":true,"href":"https:\/\/www.oparanews.com.br\/index.php\/wp-json\/wp\/v2\/tags?post=24266"}],"curies":[{"name":"wp","href":"https:\/\/api.w.org\/{rel}","templated":true}]}}