{"id":24284,"date":"2022-07-18T20:57:34","date_gmt":"2022-07-18T23:57:34","guid":{"rendered":"https:\/\/www.oparanews.com.br\/?p=24284"},"modified":"2022-07-18T20:57:34","modified_gmt":"2022-07-18T23:57:34","slug":"escola-de-comunidade-quilombola-de-penedo-recebe-doacao-de-livros","status":"publish","type":"post","link":"https:\/\/www.oparanews.com.br\/index.php\/2022\/07\/18\/escola-de-comunidade-quilombola-de-penedo-recebe-doacao-de-livros\/","title":{"rendered":"Escola de comunidade quilombola de Penedo recebe doa\u00e7\u00e3o de livros"},"content":{"rendered":"<p>Alunos e alunas da Escola Municipal Santo Ant\u00f4nio contam com mais op\u00e7\u00f5es de leitura a partir desta segunda-feira, 18.<\/p>\n<p>&nbsp;<\/p>\n<p>A unidade de ensino da Prefeitura de Penedo recebeu hoje centenas de livros doados por associados da cooperativa de cr\u00e9dito Sicred.<\/p>\n<p>&nbsp;<\/p>\n<p>A entrega dos t\u00edtulos na escola localizada na comunidade remanescente quilombola Tabuleiro dos Negros, situada na zona rural de Penedo, refor\u00e7a as a\u00e7\u00f5es desenvolvidas pela Secretaria Municipal de Educa\u00e7\u00e3o (Semed).<\/p>\n<p>&nbsp;<\/p>\n<p>Em toda a rede p\u00fablica municipal, crian\u00e7as e adolescentes s\u00e3o estimulados a conhecer o universo da literatura infanto-juvenil, desde os primeiros contatos com os livros.<\/p>\n<p>&nbsp;<\/p>\n<p>\u201cAqui n\u00f3s fazemos um trabalho que come\u00e7a no maternal e vai at\u00e9 o 5\u00ba ano\u201d, afirma a professora Ivaneide Matias, diretora da Escola Santo Ant\u00f4nio, unidade com 184 estudantes matriculados em 2022.<\/p>\n<p>&nbsp;<\/p>\n<p>\u201cA partir do 1\u00ba ano, a gente libera livro para as crian\u00e7as lerem em casa e tamb\u00e9m para ex-alunos que passaram para o 6\u00ba ano e est\u00e3o em outras escolas\u201d, acrescenta Ivaneide Matias sobre a a\u00e7\u00e3o cont\u00ednua e que tamb\u00e9m ensina sobre o zelo com os livros.<\/p>\n<p>&nbsp;<\/p>\n<p>Agora, a escola que atende meninos e meninas do povoado Sap\u00e9 \u2013 comunidade vizinha do Tabuleiro dos Negros, tamb\u00e9m quilombola e situada no munic\u00edpio de Igreja Nova \u2013 est\u00e1 com acervo ampliado gra\u00e7as ao projeto Meu Livro, Meu Mundo.<\/p>\n<p>&nbsp;<\/p>\n<p>A iniciativa da cooperativa de cr\u00e9dito que tem ag\u00eancia instalada em Penedo tamb\u00e9m atendeu escolas de outros cinco munic\u00edpios, projeto fundamentado na inclus\u00e3o social e na diversidade.<\/p>\n<p>&nbsp;<\/p>\n<p>&nbsp;<\/p>\n<p>&nbsp;<\/p>\n<p><strong>por Fernando Vin\u00edcius &#8211; Secom PMP<\/strong><\/p>\n<p>&nbsp;<\/p>\n","protected":false},"excerpt":{"rendered":"<p>Alunos e alunas da Escola Municipal Santo Ant\u00f4nio contam com mais op\u00e7\u00f5es de leitura a partir desta segunda-feira, 18. &nbsp; A unidade de ensino da Prefeitura de Penedo recebeu hoje centenas de livros doados por associados da cooperativa de cr\u00e9dito Sicred. &nbsp; A entrega dos t\u00edtulos na escola localizada na comunidade remanescente quilombola Tabuleiro dos &hellip;<\/p>\n","protected":false},"author":2,"featured_media":24285,"comment_status":"open","ping_status":"open","sticky":false,"template":"","format":"standard","meta":{"_jetpack_memberships_contains_paid_content":false,"footnotes":""},"categories":[1,3],"tags":[],"class_list":["post-24284","post","type-post","status-publish","format-standard","has-post-thumbnail","hentry","category-destaque","category-penedo"],"jetpack_featured_media_url":"https:\/\/www.oparanews.com.br\/wp-content\/uploads\/2022\/07\/escola-tabuleiro-negros-livros-11-1068x801-1.jpeg","jetpack_sharing_enabled":true,"_links":{"self":[{"href":"https:\/\/www.oparanews.com.br\/index.php\/wp-json\/wp\/v2\/posts\/24284","targetHints":{"allow":["GET"]}}],"collection":[{"href":"https:\/\/www.oparanews.com.br\/index.php\/wp-json\/wp\/v2\/posts"}],"about":[{"href":"https:\/\/www.oparanews.com.br\/index.php\/wp-json\/wp\/v2\/types\/post"}],"author":[{"embeddable":true,"href":"https:\/\/www.oparanews.com.br\/index.php\/wp-json\/wp\/v2\/users\/2"}],"replies":[{"embeddable":true,"href":"https:\/\/www.oparanews.com.br\/index.php\/wp-json\/wp\/v2\/comments?post=24284"}],"version-history":[{"count":1,"href":"https:\/\/www.oparanews.com.br\/index.php\/wp-json\/wp\/v2\/posts\/24284\/revisions"}],"predecessor-version":[{"id":24286,"href":"https:\/\/www.oparanews.com.br\/index.php\/wp-json\/wp\/v2\/posts\/24284\/revisions\/24286"}],"wp:featuredmedia":[{"embeddable":true,"href":"https:\/\/www.oparanews.com.br\/index.php\/wp-json\/wp\/v2\/media\/24285"}],"wp:attachment":[{"href":"https:\/\/www.oparanews.com.br\/index.php\/wp-json\/wp\/v2\/media?parent=24284"}],"wp:term":[{"taxonomy":"category","embeddable":true,"href":"https:\/\/www.oparanews.com.br\/index.php\/wp-json\/wp\/v2\/categories?post=24284"},{"taxonomy":"post_tag","embeddable":true,"href":"https:\/\/www.oparanews.com.br\/index.php\/wp-json\/wp\/v2\/tags?post=24284"}],"curies":[{"name":"wp","href":"https:\/\/api.w.org\/{rel}","templated":true}]}}