{"id":24287,"date":"2022-07-18T21:00:24","date_gmt":"2022-07-19T00:00:24","guid":{"rendered":"https:\/\/www.oparanews.com.br\/?p=24287"},"modified":"2022-07-18T21:00:24","modified_gmt":"2022-07-19T00:00:24","slug":"prefeitura-de-penedo-apresenta-demandas-da-populacao-para-equatorial","status":"publish","type":"post","link":"https:\/\/www.oparanews.com.br\/index.php\/2022\/07\/18\/prefeitura-de-penedo-apresenta-demandas-da-populacao-para-equatorial\/","title":{"rendered":"Prefeitura de Penedo apresenta demandas da popula\u00e7\u00e3o para Equatorial"},"content":{"rendered":"<p>Integrantes do primeiro escal\u00e3o do governo Ronaldo Lopes e representantes da empresa Equatorial Energia reuniram-se neste in\u00edcio de semana para tratar das demandas da popula\u00e7\u00e3o de Penedo.<\/p>\n<p>&nbsp;<\/p>\n<p>O encontro realizado na Secretaria Municipal de Infraestrutura (Seinfra), pasta administrada pelo engenheiro civil Valmir Lessa, deve acelerar pleitos relacionados com a qualidade e a amplia\u00e7\u00e3o do servi\u00e7o essencial.<\/p>\n<p>&nbsp;<\/p>\n<p>As reivindica\u00e7\u00f5es feitas por meio da Superintend\u00eancia de Ilumina\u00e7\u00e3o P\u00fablica de Penedo (SIPE) atendem pedidos da popula\u00e7\u00e3o da \u00e1rea urbana e do meio rural.<\/p>\n<p>&nbsp;<\/p>\n<p>\u201cN\u00f3s solicitamos a liga\u00e7\u00e3o da ilumina\u00e7\u00e3o que fizemos na Colina do Oiteiro, na Rodovia M\u00e1rio Freire Leahy, e mostramos que \u00e9 preciso instalar transformadores mais potentes no Centro Hist\u00f3rico para melhorar o servi\u00e7o em nosso com\u00e9rcio e tamb\u00e9m para a regi\u00e3o da Santa Cruz, Ulisses Batinga e ruas adjacentes\u201d, informa Ricardo Ara\u00fajo, gestor da SIPE.<\/p>\n<p>&nbsp;<\/p>\n<p>A necessidade de solucionar a instabilidade do fornecimento de energia el\u00e9trica para as comunidades Palmeira Alta, Santa Margarida, Imbira, Pesco\u00e7o e povoados pr\u00f3ximos tamb\u00e9m foi apresentada, assim como a amplia\u00e7\u00e3o da rede para trecho do Tabuleiro dos Negros, \u00e1rea remanescente quilombola que tamb\u00e9m j\u00e1 recebeu investimentos em efici\u00eancia energ\u00e9tica durante a gest\u00e3o do Prefeito Ronaldo Lopes.<\/p>\n<p>&nbsp;<\/p>\n<p>A agenda de trabalho entre Prefeitura de Penedo e Equatorial Energia tamb\u00e9m abordou outros aspectos do trabalho conjunto entre o poder p\u00fablico e a empresa privada, com acompanhamento do engenheiro Messias Santos (Seinfra) e do t\u00e9cnico Everaldo Passos, coordenador da SIPE.<\/p>\n<p>&nbsp;<\/p>\n<p>&nbsp;<\/p>\n<p>&nbsp;<\/p>\n<p><strong>por Fernando Vin\u00edcius &#8211; Secom PMP<\/strong><\/p>\n<p>&nbsp;<\/p>\n","protected":false},"excerpt":{"rendered":"<p>Integrantes do primeiro escal\u00e3o do governo Ronaldo Lopes e representantes da empresa Equatorial Energia reuniram-se neste in\u00edcio de semana para tratar das demandas da popula\u00e7\u00e3o de Penedo. &nbsp; O encontro realizado na Secretaria Municipal de Infraestrutura (Seinfra), pasta administrada pelo engenheiro civil Valmir Lessa, deve acelerar pleitos relacionados com a qualidade e a amplia\u00e7\u00e3o do &hellip;<\/p>\n","protected":false},"author":2,"featured_media":24288,"comment_status":"open","ping_status":"open","sticky":false,"template":"","format":"standard","meta":{"_jetpack_memberships_contains_paid_content":false,"footnotes":""},"categories":[1,3],"tags":[],"class_list":["post-24287","post","type-post","status-publish","format-standard","has-post-thumbnail","hentry","category-destaque","category-penedo"],"jetpack_featured_media_url":"https:\/\/www.oparanews.com.br\/wp-content\/uploads\/2022\/07\/prefeitura-penedo-equatorial-sipe-seinfra-2.jpeg","jetpack_sharing_enabled":true,"_links":{"self":[{"href":"https:\/\/www.oparanews.com.br\/index.php\/wp-json\/wp\/v2\/posts\/24287","targetHints":{"allow":["GET"]}}],"collection":[{"href":"https:\/\/www.oparanews.com.br\/index.php\/wp-json\/wp\/v2\/posts"}],"about":[{"href":"https:\/\/www.oparanews.com.br\/index.php\/wp-json\/wp\/v2\/types\/post"}],"author":[{"embeddable":true,"href":"https:\/\/www.oparanews.com.br\/index.php\/wp-json\/wp\/v2\/users\/2"}],"replies":[{"embeddable":true,"href":"https:\/\/www.oparanews.com.br\/index.php\/wp-json\/wp\/v2\/comments?post=24287"}],"version-history":[{"count":1,"href":"https:\/\/www.oparanews.com.br\/index.php\/wp-json\/wp\/v2\/posts\/24287\/revisions"}],"predecessor-version":[{"id":24289,"href":"https:\/\/www.oparanews.com.br\/index.php\/wp-json\/wp\/v2\/posts\/24287\/revisions\/24289"}],"wp:featuredmedia":[{"embeddable":true,"href":"https:\/\/www.oparanews.com.br\/index.php\/wp-json\/wp\/v2\/media\/24288"}],"wp:attachment":[{"href":"https:\/\/www.oparanews.com.br\/index.php\/wp-json\/wp\/v2\/media?parent=24287"}],"wp:term":[{"taxonomy":"category","embeddable":true,"href":"https:\/\/www.oparanews.com.br\/index.php\/wp-json\/wp\/v2\/categories?post=24287"},{"taxonomy":"post_tag","embeddable":true,"href":"https:\/\/www.oparanews.com.br\/index.php\/wp-json\/wp\/v2\/tags?post=24287"}],"curies":[{"name":"wp","href":"https:\/\/api.w.org\/{rel}","templated":true}]}}