{"id":24314,"date":"2022-07-19T21:43:18","date_gmt":"2022-07-20T00:43:18","guid":{"rendered":"https:\/\/www.oparanews.com.br\/?p=24314"},"modified":"2022-07-19T21:43:18","modified_gmt":"2022-07-20T00:43:18","slug":"vereador-rodrigo-regueira-pede-fiscalizacao-do-procon-nos-postos-de-combustiveis-de-penedo","status":"publish","type":"post","link":"https:\/\/www.oparanews.com.br\/index.php\/2022\/07\/19\/vereador-rodrigo-regueira-pede-fiscalizacao-do-procon-nos-postos-de-combustiveis-de-penedo\/","title":{"rendered":"Vereador Rodrigo Regueira pede fiscaliza\u00e7\u00e3o do Procon nos postos de combust\u00edveis de Penedo"},"content":{"rendered":"<p>O Vereador Rodrigo Regueira requer fiscaliza\u00e7\u00e3o do Procon, em Penedo, nos postos de combust\u00edveis da cidade.<\/p>\n<p>&nbsp;<\/p>\n<p>No documento enviado \u00e0 sede do \u00f3rg\u00e3o de prote\u00e7\u00e3o ao consumidor, o parlamentar justifica que a redu\u00e7\u00e3o no pre\u00e7o do litro de combust\u00edvel registrado em outras cidades n\u00e3o acontece em Penedo.<\/p>\n<p>&nbsp;<\/p>\n<p>O expediente aprovado na sess\u00e3o de 14 de julho foi solicitado com c\u00f3pia ao Minist\u00e9rio P\u00fablico, aditivo proposto pelo Vereador Sargento Marival.<\/p>\n<p>&nbsp;<\/p>\n<p>Rodrigo Regueira tamb\u00e9m requer saneamento da Travessa Arizona, localizada na Cohab, e doa\u00e7\u00e3o de terreno do patrim\u00f4nio p\u00fablico municipal, localizado no residencial Vale do S\u00e3o Francisco, para doar \u00e0 Diocese de Penedo com objetivo de construir uma capela para celebrar S\u00e3o Francisco de Assis, padroeiro da comunidade.<\/p>\n<p>&nbsp;<\/p>\n<p>&nbsp;<\/p>\n<p>&nbsp;<\/p>\n<p><strong>Fonte: Ascom CMP<\/strong><\/p>\n<p>&nbsp;<\/p>\n","protected":false},"excerpt":{"rendered":"<p>O Vereador Rodrigo Regueira requer fiscaliza\u00e7\u00e3o do Procon, em Penedo, nos postos de combust\u00edveis da cidade. &nbsp; No documento enviado \u00e0 sede do \u00f3rg\u00e3o de prote\u00e7\u00e3o ao consumidor, o parlamentar justifica que a redu\u00e7\u00e3o no pre\u00e7o do litro de combust\u00edvel registrado em outras cidades n\u00e3o acontece em Penedo. &nbsp; O expediente aprovado na sess\u00e3o de &hellip;<\/p>\n","protected":false},"author":2,"featured_media":24315,"comment_status":"open","ping_status":"open","sticky":false,"template":"","format":"standard","meta":{"_jetpack_memberships_contains_paid_content":false,"footnotes":""},"categories":[1,3],"tags":[],"class_list":["post-24314","post","type-post","status-publish","format-standard","has-post-thumbnail","hentry","category-destaque","category-penedo"],"jetpack_featured_media_url":"https:\/\/www.oparanews.com.br\/wp-content\/uploads\/2022\/07\/rodrigo.jpg","jetpack_sharing_enabled":true,"_links":{"self":[{"href":"https:\/\/www.oparanews.com.br\/index.php\/wp-json\/wp\/v2\/posts\/24314","targetHints":{"allow":["GET"]}}],"collection":[{"href":"https:\/\/www.oparanews.com.br\/index.php\/wp-json\/wp\/v2\/posts"}],"about":[{"href":"https:\/\/www.oparanews.com.br\/index.php\/wp-json\/wp\/v2\/types\/post"}],"author":[{"embeddable":true,"href":"https:\/\/www.oparanews.com.br\/index.php\/wp-json\/wp\/v2\/users\/2"}],"replies":[{"embeddable":true,"href":"https:\/\/www.oparanews.com.br\/index.php\/wp-json\/wp\/v2\/comments?post=24314"}],"version-history":[{"count":1,"href":"https:\/\/www.oparanews.com.br\/index.php\/wp-json\/wp\/v2\/posts\/24314\/revisions"}],"predecessor-version":[{"id":24316,"href":"https:\/\/www.oparanews.com.br\/index.php\/wp-json\/wp\/v2\/posts\/24314\/revisions\/24316"}],"wp:featuredmedia":[{"embeddable":true,"href":"https:\/\/www.oparanews.com.br\/index.php\/wp-json\/wp\/v2\/media\/24315"}],"wp:attachment":[{"href":"https:\/\/www.oparanews.com.br\/index.php\/wp-json\/wp\/v2\/media?parent=24314"}],"wp:term":[{"taxonomy":"category","embeddable":true,"href":"https:\/\/www.oparanews.com.br\/index.php\/wp-json\/wp\/v2\/categories?post=24314"},{"taxonomy":"post_tag","embeddable":true,"href":"https:\/\/www.oparanews.com.br\/index.php\/wp-json\/wp\/v2\/tags?post=24314"}],"curies":[{"name":"wp","href":"https:\/\/api.w.org\/{rel}","templated":true}]}}