{"id":24324,"date":"2022-07-20T22:44:31","date_gmt":"2022-07-21T01:44:31","guid":{"rendered":"https:\/\/www.oparanews.com.br\/?p=24324"},"modified":"2022-07-20T22:44:31","modified_gmt":"2022-07-21T01:44:31","slug":"al-autoriza-vacinacao-de-criancas-de-3-e-de-4-anos-contra-covid","status":"publish","type":"post","link":"https:\/\/www.oparanews.com.br\/index.php\/2022\/07\/20\/al-autoriza-vacinacao-de-criancas-de-3-e-de-4-anos-contra-covid\/","title":{"rendered":"AL autoriza vacina\u00e7\u00e3o de crian\u00e7as de 3 e de 4 anos contra Covid"},"content":{"rendered":"<p>Crian\u00e7as de 3 e de 4 anos j\u00e1 podem ser vacinadas contra a Covid-19 com a CoronaVac, segundo informou a Secretaria de Estado da Sa\u00fade (Sesau) nesta quarta-feira (20). A aplica\u00e7\u00e3o do imunizante neste p\u00fablico est\u00e1 autorizada pela Ag\u00eancia Nacional de Vigil\u00e2ncia Sanit\u00e1ria (Anvisa) desde o dia 13 de julho, mas o Estado aguardava o recebimento de uma nota t\u00e9cnica.<\/p>\n<p>&nbsp;<\/p>\n<p>A data para o in\u00edcio da imuniza\u00e7\u00e3o, por\u00e9m, fica a cargo de cada Secretaria Municipal de Sa\u00fade. Macei\u00f3 informou ao g1 que vai se reunir com a Sesau at\u00e9 sexta (22) para definir detalhes e somente depois disso \u00e9 que deve come\u00e7ar efetivamente a vacina\u00e7\u00e3o.<\/p>\n<p>&nbsp;<\/p>\n<p>Tamb\u00e9m foi autorizada a vacina\u00e7\u00e3o com a CoronaVac de crian\u00e7as de 5 anos, mas, por enquanto, a imuniza\u00e7\u00e3o para essa faixa et\u00e1ria continua sendo com a Pfizer, como vinha acontecendo desde fevereiro.<\/p>\n<p>&nbsp;<\/p>\n<p>A vacina\u00e7\u00e3o de crian\u00e7as dessa faixa et\u00e1ria segue a recomenda\u00e7\u00e3o do Minist\u00e9rio da Sa\u00fade (MS) por meio do Programa Nacional de Imuniza\u00e7\u00f5es (PNI). Em Alagoas, 110.711 crian\u00e7as de 3 e 4 anos de idade devem ser vacinadas contra a Covid, de acordo com a Sesau.<\/p>\n<p>&nbsp;<\/p>\n<p>Seguindo as orienta\u00e7\u00f5es do Minist\u00e9rio da Sa\u00fade, o in\u00edcio da vacina\u00e7\u00e3o ser\u00e1 feito de forma gradual para as crian\u00e7as imunocomprometidas, depois pelas faixa et\u00e1ria de 4 anos e, em seguida, de 3 anos de idade.<\/p>\n<p>&nbsp;<\/p>\n<p>Crian\u00e7as imunocomprometidas entre 3 e 4 anos de idade<br \/>\nCrian\u00e7as de 4 anos de idade<br \/>\nCrian\u00e7as de 3 anos de idade<\/p>\n<p>&nbsp;<\/p>\n<p>O Minist\u00e9rio da Sa\u00fade orienta que estados e munic\u00edpios fa\u00e7am a gest\u00e3o dos quantitativos dispon\u00edveis dessa vacina em seus estoques para garantir a segunda dose com o intervalo de 28 dias, at\u00e9 que os estoques sejam restabelecidos pela pasta.<\/p>\n<p>&nbsp;<\/p>\n<p><strong>Crian\u00e7as apresentam mais quadros assintom\u00e1ticos<\/strong><\/p>\n<p>&nbsp;<\/p>\n<p>No Brasil, de 2020 a junho de 2022, as crian\u00e7as com at\u00e9 4 anos de idade apresentaram uma taxa de incid\u00eancia de S\u00edndrome Respirat\u00f3ria Aguda Grave (SRAG) por Covid-19 de 180,75\/100 mil habitantes, de acordo com o Minist\u00e9rio da Sa\u00fade. A letalidade entre os casos de SRAG \u00e9 de 8% em menores de 6 meses e de 4% em crian\u00e7as de 6 meses a 4 anos de idade.<\/p>\n<p>&nbsp;<\/p>\n<p>Ainda segundo o Minist\u00e9rio da Sa\u00fade, crian\u00e7as e adolescentes desenvolveram mais frequentemente formas assintom\u00e1ticas ou apresentam poucos sintomas da Covid, o que levou a uma menor identifica\u00e7\u00e3o e testagem.<\/p>\n<p>&nbsp;<\/p>\n<p>Al\u00e9m disso, crian\u00e7as e adolescentes apresentaram menor n\u00famero e gravidade dos sintomas de infec\u00e7\u00e3o pelo SARS-CoV-2 se comparado aos adultos, sendo tamb\u00e9m menos propensos que os adultos a desenvolver Covid grave.<\/p>\n<p>&nbsp;<\/p>\n<p>&nbsp;<\/p>\n<p>&nbsp;<\/p>\n<p><strong>Fonte: G1\/AL<\/strong><\/p>\n<p>&nbsp;<\/p>\n","protected":false},"excerpt":{"rendered":"<p>Crian\u00e7as de 3 e de 4 anos j\u00e1 podem ser vacinadas contra a Covid-19 com a CoronaVac, segundo informou a Secretaria de Estado da Sa\u00fade (Sesau) nesta quarta-feira (20). A aplica\u00e7\u00e3o do imunizante neste p\u00fablico est\u00e1 autorizada pela Ag\u00eancia Nacional de Vigil\u00e2ncia Sanit\u00e1ria (Anvisa) desde o dia 13 de julho, mas o Estado aguardava o &hellip;<\/p>\n","protected":false},"author":2,"featured_media":24325,"comment_status":"open","ping_status":"open","sticky":false,"template":"","format":"standard","meta":{"_jetpack_memberships_contains_paid_content":false,"footnotes":""},"categories":[4],"tags":[],"class_list":["post-24324","post","type-post","status-publish","format-standard","has-post-thumbnail","hentry","category-alagoas"],"jetpack_featured_media_url":"https:\/\/www.oparanews.com.br\/wp-content\/uploads\/2022\/07\/whatsapp-image-2022-07-20-at-15.48.30.webp","jetpack_sharing_enabled":true,"_links":{"self":[{"href":"https:\/\/www.oparanews.com.br\/index.php\/wp-json\/wp\/v2\/posts\/24324","targetHints":{"allow":["GET"]}}],"collection":[{"href":"https:\/\/www.oparanews.com.br\/index.php\/wp-json\/wp\/v2\/posts"}],"about":[{"href":"https:\/\/www.oparanews.com.br\/index.php\/wp-json\/wp\/v2\/types\/post"}],"author":[{"embeddable":true,"href":"https:\/\/www.oparanews.com.br\/index.php\/wp-json\/wp\/v2\/users\/2"}],"replies":[{"embeddable":true,"href":"https:\/\/www.oparanews.com.br\/index.php\/wp-json\/wp\/v2\/comments?post=24324"}],"version-history":[{"count":1,"href":"https:\/\/www.oparanews.com.br\/index.php\/wp-json\/wp\/v2\/posts\/24324\/revisions"}],"predecessor-version":[{"id":24326,"href":"https:\/\/www.oparanews.com.br\/index.php\/wp-json\/wp\/v2\/posts\/24324\/revisions\/24326"}],"wp:featuredmedia":[{"embeddable":true,"href":"https:\/\/www.oparanews.com.br\/index.php\/wp-json\/wp\/v2\/media\/24325"}],"wp:attachment":[{"href":"https:\/\/www.oparanews.com.br\/index.php\/wp-json\/wp\/v2\/media?parent=24324"}],"wp:term":[{"taxonomy":"category","embeddable":true,"href":"https:\/\/www.oparanews.com.br\/index.php\/wp-json\/wp\/v2\/categories?post=24324"},{"taxonomy":"post_tag","embeddable":true,"href":"https:\/\/www.oparanews.com.br\/index.php\/wp-json\/wp\/v2\/tags?post=24324"}],"curies":[{"name":"wp","href":"https:\/\/api.w.org\/{rel}","templated":true}]}}