{"id":24364,"date":"2022-07-22T21:34:44","date_gmt":"2022-07-23T00:34:44","guid":{"rendered":"https:\/\/www.oparanews.com.br\/?p=24364"},"modified":"2022-07-22T21:34:44","modified_gmt":"2022-07-23T00:34:44","slug":"caes-e-gatos-sao-castrados-em-mais-uma-acao-do-programa-castra-pet-em-penedo","status":"publish","type":"post","link":"https:\/\/www.oparanews.com.br\/index.php\/2022\/07\/22\/caes-e-gatos-sao-castrados-em-mais-uma-acao-do-programa-castra-pet-em-penedo\/","title":{"rendered":"C\u00e3es e gatos s\u00e3o castrados em mais uma a\u00e7\u00e3o do Programa Castra Pet em Penedo"},"content":{"rendered":"<p>Nesta sexta-feira (22), o castra m\u00f3vel chegou na Pra\u00e7a Clementino do Monte, em Penedo, para mais uma s\u00e9rie de castra\u00e7\u00f5es de c\u00e3es e gatos do Programa Castra PET.<\/p>\n<p>&nbsp;<\/p>\n<p>O programa da Secretaria Municipal de Sa\u00fade (SEMS) lan\u00e7ado no governo Ronaldo Lopes \u00e9 destinado para tutores de baixa renda que cadastraram seus animais no \u00faltimo dia 13 de julho.<\/p>\n<p>&nbsp;<\/p>\n<p>Nesta mais recente edi\u00e7\u00e3o do Castra Pet, foram inscritos 30 animais que foram beneficiados hoje com o procedimento cir\u00fargico, trabalho coordenado pela veterin\u00e1ria Dra. Ra\u00edssa Salgueiro.<\/p>\n<p>&nbsp;<\/p>\n<p>\u201cPara mim essa a\u00e7\u00e3o \u00e9 muito importante porque eu n\u00e3o tinha condi\u00e7\u00f5es de pagar por isso e somos muito bem atendidos por todos aqui. Eu tenho oito animais e hoje \u00e9 a vez da Nina ser castrada. Eu s\u00f3 tenho a agradecer a prefeitura e a secretaria por esse programa\u201d, disse Rose Silva.<\/p>\n<p>&nbsp;<\/p>\n<p>Al\u00e9m da castra\u00e7\u00e3o, os tutores recebem a receita com os medicamentos necess\u00e1rios para os sete dias e toda a recomenda\u00e7\u00e3o sobre os cuidados p\u00f3s-operat\u00f3rios, como limpeza e o uso por 10 dias da roupinha cir\u00fargica para garantir a sa\u00fade dos animais.<\/p>\n<p>&nbsp;<\/p>\n<p>\u201cAtrav\u00e9s dessa castra\u00e7\u00e3o, a gente consegue diminuir a popula\u00e7\u00e3o canina no munic\u00edpio, as doen\u00e7as, a fuga dos animais, a agressividade. \u00c9 um ato de extrema import\u00e2ncia de conceito de sa\u00fade p\u00fablica e prolonga o tempo de vida dos animais, por isso dizemos que castrar \u00e9 um ato de amor\u201d, esclarece a Dra. Ra\u00edssa Salgueiro.<\/p>\n<p>&nbsp;<\/p>\n<p>&nbsp;<\/p>\n<p>&nbsp;<\/p>\n<p><strong>por Gabriela Flores \u2013 SEMS Penedo<\/strong><\/p>\n<p>&nbsp;<\/p>\n","protected":false},"excerpt":{"rendered":"<p>Nesta sexta-feira (22), o castra m\u00f3vel chegou na Pra\u00e7a Clementino do Monte, em Penedo, para mais uma s\u00e9rie de castra\u00e7\u00f5es de c\u00e3es e gatos do Programa Castra PET. &nbsp; O programa da Secretaria Municipal de Sa\u00fade (SEMS) lan\u00e7ado no governo Ronaldo Lopes \u00e9 destinado para tutores de baixa renda que cadastraram seus animais no \u00faltimo &hellip;<\/p>\n","protected":false},"author":2,"featured_media":24365,"comment_status":"open","ping_status":"open","sticky":false,"template":"","format":"standard","meta":{"_jetpack_memberships_contains_paid_content":false,"footnotes":""},"categories":[1,3],"tags":[],"class_list":["post-24364","post","type-post","status-publish","format-standard","has-post-thumbnail","hentry","category-destaque","category-penedo"],"jetpack_featured_media_url":"https:\/\/www.oparanews.com.br\/wp-content\/uploads\/2022\/07\/castrapet-penedo-sems-2-696x464-1.jpeg","jetpack_sharing_enabled":true,"_links":{"self":[{"href":"https:\/\/www.oparanews.com.br\/index.php\/wp-json\/wp\/v2\/posts\/24364","targetHints":{"allow":["GET"]}}],"collection":[{"href":"https:\/\/www.oparanews.com.br\/index.php\/wp-json\/wp\/v2\/posts"}],"about":[{"href":"https:\/\/www.oparanews.com.br\/index.php\/wp-json\/wp\/v2\/types\/post"}],"author":[{"embeddable":true,"href":"https:\/\/www.oparanews.com.br\/index.php\/wp-json\/wp\/v2\/users\/2"}],"replies":[{"embeddable":true,"href":"https:\/\/www.oparanews.com.br\/index.php\/wp-json\/wp\/v2\/comments?post=24364"}],"version-history":[{"count":1,"href":"https:\/\/www.oparanews.com.br\/index.php\/wp-json\/wp\/v2\/posts\/24364\/revisions"}],"predecessor-version":[{"id":24366,"href":"https:\/\/www.oparanews.com.br\/index.php\/wp-json\/wp\/v2\/posts\/24364\/revisions\/24366"}],"wp:featuredmedia":[{"embeddable":true,"href":"https:\/\/www.oparanews.com.br\/index.php\/wp-json\/wp\/v2\/media\/24365"}],"wp:attachment":[{"href":"https:\/\/www.oparanews.com.br\/index.php\/wp-json\/wp\/v2\/media?parent=24364"}],"wp:term":[{"taxonomy":"category","embeddable":true,"href":"https:\/\/www.oparanews.com.br\/index.php\/wp-json\/wp\/v2\/categories?post=24364"},{"taxonomy":"post_tag","embeddable":true,"href":"https:\/\/www.oparanews.com.br\/index.php\/wp-json\/wp\/v2\/tags?post=24364"}],"curies":[{"name":"wp","href":"https:\/\/api.w.org\/{rel}","templated":true}]}}