{"id":24380,"date":"2022-07-22T21:50:34","date_gmt":"2022-07-23T00:50:34","guid":{"rendered":"https:\/\/www.oparanews.com.br\/?p=24380"},"modified":"2022-07-22T21:50:34","modified_gmt":"2022-07-23T00:50:34","slug":"oab-al-lanca-selo-inedito-no-pais-e-vai-certificar-qualidade-do-ensino-juridico-no-estado","status":"publish","type":"post","link":"https:\/\/www.oparanews.com.br\/index.php\/2022\/07\/22\/oab-al-lanca-selo-inedito-no-pais-e-vai-certificar-qualidade-do-ensino-juridico-no-estado\/","title":{"rendered":"OAB\/AL lan\u00e7a selo in\u00e9dito no pa\u00eds e vai certificar qualidade do ensino jur\u00eddico no estado"},"content":{"rendered":"<p>A Ordem dos Advogados do Brasil em Alagoas (OAB\/AL) lan\u00e7ou, nessa quinta-feira (21), o selo OAB Indica, que vai certificar a qualidade do ensino do Direito nas faculdades e universidades do estado, com o objetivo de incentivar as institui\u00e7\u00f5es a investirem em qualifica\u00e7\u00e3o docente e em infraestrutura. A iniciativa em \u00e2mbito estadual, in\u00e9dita no pa\u00eds, foi uma promessa de campanha da atual gest\u00e3o que, agora, tornou-se realidade por meio da atua\u00e7\u00e3o da Comiss\u00e3o de Ensino Jur\u00eddico da Ordem.<\/p>\n<p>&nbsp;<\/p>\n<p>Durante o evento de lan\u00e7amento, o presidente da OAB em Alagoas, Vagner Paes, destacou a satisfa\u00e7\u00e3o de implantar o selo, um marco para a advocacia alagoana. &#8220;Hoje estamos vivenciando um marco importante para o ensino jur\u00eddico de Alagoas, pois estamos criando mais um indicador de qualidade, com par\u00e2metros diferentes dos que s\u00e3o avaliados pelo Conselho Nacional. S\u00e3o par\u00e2metros que est\u00e3o dentro da realidade e das peculiaridades de Alagoas. Um compromisso da Ordem que tem como norte a eleva\u00e7\u00e3o da advocacia&#8221;, afirmou Vagner.<\/p>\n<p>&nbsp;<\/p>\n<p>Na ocasi\u00e3o, os representantes de institui\u00e7\u00f5es de ensino superior de Alagoas conheceram, em primeira m\u00e3o, os crit\u00e9rios que ser\u00e3o avaliados para concess\u00e3o da chancela. A quest\u00e3o da acessibilidade ser\u00e1 um dos pontos levados em considera\u00e7\u00e3o. Al\u00e9m dele, tamb\u00e9m ser\u00e3o considerados pontos como o grau de desenvolvimento dos N\u00facleos de Pr\u00e1ticas Jur\u00eddicas; a atualiza\u00e7\u00e3o do acervo bibliotec\u00e1rio; a exist\u00eancia de projetos de inicia\u00e7\u00e3o cient\u00edfica e de extens\u00e3o; e o n\u00famero de professores mestres e doutores. Todos os detalhes sobre o selo ser\u00e3o listados em edital.<\/p>\n<p>&nbsp;<\/p>\n<p>Para a presidente da Comiss\u00e3o de Ensino Jur\u00eddico da OAB\/AL, Ingrid Dantas, mais do que avaliar os cursos de Direito de Alagoas, o selo OAB Indica vai incentivar e fomentar o ensino no estado, considerando crit\u00e9rios sens\u00edveis \u00e0 realidade alagoana. &#8220;Queremos fazer com que cada vez mais faculdades possam receber o selo. Um dos crit\u00e9rios avaliados \u00e9 a quest\u00e3o da acessibilidade, pois queremos que as faculdades sejam plurais e estejam dispostas a receber todas as pessoas&#8221;, afirmou.<\/p>\n<p>&nbsp;<\/p>\n<p>Os presentes ao evento tamb\u00e9m puderam assistir a uma palestra do professor Marcos Bernardes de Mello, ilustre jurista que falou um pouco sobre a hist\u00f3ria da Faculdade de Direito em Alagoas, que chegou ao estado em um momento bastante conturbado no pa\u00eds, ainda na d\u00e9cada de 30.<\/p>\n<p>&nbsp;<\/p>\n<p><strong>OAB RECOMENDA<\/strong><\/p>\n<p>&nbsp;<\/p>\n<p>Al\u00e9m do lan\u00e7amento do selo local, tamb\u00e9m foi entregue, durante a solenidade, o selo OAB Recomenda, concedido pelo Conselho Federal \u00e0s institui\u00e7\u00f5es de ensino superior com consider\u00e1veis n\u00fameros de aprovados no exame da Ordem e com notas relevantes no Enade. Em Alagoas, duas unidades foram contemplados com a chancela: a Universidade Federal de Alagoas (Ufal) e a Universidade Estadual de Alagoas (Uneal).<\/p>\n<p>&nbsp;<\/p>\n<p>A diretora da Faculdade de Direito da Ufal, Elaine Pimentel, recebeu a chancela das m\u00e3os do presidente Vagner Paes e destacou a import\u00e2ncia do reconhecimento, que demonstra o esfor\u00e7o de todos os que comp\u00f5em o curso de Direito, em um momento em que as universidades p\u00fablicas do pa\u00eds se deparam com cortes consider\u00e1veis no or\u00e7amento. &#8220;A Ufal n\u00e3o forma somente tecnocratas, mas forma humanistas, cientistas e mestres que t\u00eam um papel muito importante na sociedade. \u00c9 um legado do povo alagoano&#8221;, pontuou.<\/p>\n<p>&nbsp;<\/p>\n<p>O reitor da Uneal, Odilon M\u00e1ximo, e os coordenadores dos cursos de direito nos campi Macei\u00f3 e Arapiraca, M\u00e1rcio Rocha e Tiago Vicente, respectivamente, tamb\u00e9m marcaram presen\u00e7a e receberam o selo de excel\u00eancia do Conselho Federal.<\/p>\n<p>&nbsp;<\/p>\n<p>&nbsp;<\/p>\n<p>&nbsp;<\/p>\n<p><strong>Fonte: Coordena\u00e7\u00e3o de Comunica\u00e7\u00e3o<\/strong><\/p>\n<p>&nbsp;<\/p>\n","protected":false},"excerpt":{"rendered":"<p>A Ordem dos Advogados do Brasil em Alagoas (OAB\/AL) lan\u00e7ou, nessa quinta-feira (21), o selo OAB Indica, que vai certificar a qualidade do ensino do Direito nas faculdades e universidades do estado, com o objetivo de incentivar as institui\u00e7\u00f5es a investirem em qualifica\u00e7\u00e3o docente e em infraestrutura. A iniciativa em \u00e2mbito estadual, in\u00e9dita no pa\u00eds, &hellip;<\/p>\n","protected":false},"author":2,"featured_media":24381,"comment_status":"open","ping_status":"open","sticky":false,"template":"","format":"standard","meta":{"_jetpack_memberships_contains_paid_content":false,"footnotes":""},"categories":[4],"tags":[],"class_list":["post-24380","post","type-post","status-publish","format-standard","has-post-thumbnail","hentry","category-alagoas"],"jetpack_featured_media_url":"https:\/\/www.oparanews.com.br\/wp-content\/uploads\/2022\/07\/OAB-Indica-930x620-1.jpg","jetpack_sharing_enabled":true,"_links":{"self":[{"href":"https:\/\/www.oparanews.com.br\/index.php\/wp-json\/wp\/v2\/posts\/24380","targetHints":{"allow":["GET"]}}],"collection":[{"href":"https:\/\/www.oparanews.com.br\/index.php\/wp-json\/wp\/v2\/posts"}],"about":[{"href":"https:\/\/www.oparanews.com.br\/index.php\/wp-json\/wp\/v2\/types\/post"}],"author":[{"embeddable":true,"href":"https:\/\/www.oparanews.com.br\/index.php\/wp-json\/wp\/v2\/users\/2"}],"replies":[{"embeddable":true,"href":"https:\/\/www.oparanews.com.br\/index.php\/wp-json\/wp\/v2\/comments?post=24380"}],"version-history":[{"count":1,"href":"https:\/\/www.oparanews.com.br\/index.php\/wp-json\/wp\/v2\/posts\/24380\/revisions"}],"predecessor-version":[{"id":24382,"href":"https:\/\/www.oparanews.com.br\/index.php\/wp-json\/wp\/v2\/posts\/24380\/revisions\/24382"}],"wp:featuredmedia":[{"embeddable":true,"href":"https:\/\/www.oparanews.com.br\/index.php\/wp-json\/wp\/v2\/media\/24381"}],"wp:attachment":[{"href":"https:\/\/www.oparanews.com.br\/index.php\/wp-json\/wp\/v2\/media?parent=24380"}],"wp:term":[{"taxonomy":"category","embeddable":true,"href":"https:\/\/www.oparanews.com.br\/index.php\/wp-json\/wp\/v2\/categories?post=24380"},{"taxonomy":"post_tag","embeddable":true,"href":"https:\/\/www.oparanews.com.br\/index.php\/wp-json\/wp\/v2\/tags?post=24380"}],"curies":[{"name":"wp","href":"https:\/\/api.w.org\/{rel}","templated":true}]}}