{"id":24383,"date":"2022-07-23T19:24:15","date_gmt":"2022-07-23T22:24:15","guid":{"rendered":"https:\/\/www.oparanews.com.br\/?p=24383"},"modified":"2022-07-23T19:24:15","modified_gmt":"2022-07-23T22:24:15","slug":"oparanews-presente-na-inauguracao-da-escola-teotonio-ribeiro-no-povoado-murici","status":"publish","type":"post","link":"https:\/\/www.oparanews.com.br\/index.php\/2022\/07\/23\/oparanews-presente-na-inauguracao-da-escola-teotonio-ribeiro-no-povoado-murici\/","title":{"rendered":"OparaNews presente na inaugura\u00e7\u00e3o da Escola Teot\u00f4nio Ribeiro no povoado Murici"},"content":{"rendered":"<p>A reportagem do portal de not\u00edcias OparaNews esteve presente na inaugura\u00e7\u00e3o da Escola Municipal C\u00f4nego Teot\u00f4nio Ribeiro no povoado Murici em Penedo.<\/p>\n<p>&nbsp;<\/p>\n<p>Na oportunidade, nosso rep\u00f3rter Valdi Fernando entrevistou o prefeito de Penedo Ronaldo Lopes onde o mesmo destacou a import\u00e2ncia do complexo escolar para a comunidade do povoado Murici.<\/p>\n<p>&nbsp;<\/p>\n<p><strong>Ou\u00e7a a entrevista abaixo:<\/strong><\/p>\n<audio class=\"wp-audio-shortcode\" id=\"audio-24383-1\" preload=\"none\" style=\"width: 100%;\" controls=\"controls\"><source type=\"audio\/mpeg\" src=\"http:\/\/www.oparanews.com.br\/wp-content\/uploads\/2022\/07\/RONALDO-LOPES-23.07.22.mp3?_=1\" \/><a href=\"http:\/\/www.oparanews.com.br\/wp-content\/uploads\/2022\/07\/RONALDO-LOPES-23.07.22.mp3\">http:\/\/www.oparanews.com.br\/wp-content\/uploads\/2022\/07\/RONALDO-LOPES-23.07.22.mp3<\/a><\/audio>\n<p>&nbsp;<\/p>\n<p>&nbsp;<\/p>\n<p><strong>por Reda\u00e7\u00e3o<\/strong><\/p>\n<p>&nbsp;<\/p>\n","protected":false},"excerpt":{"rendered":"<p>A reportagem do portal de not\u00edcias OparaNews esteve presente na inaugura\u00e7\u00e3o da Escola Municipal C\u00f4nego Teot\u00f4nio Ribeiro no povoado Murici em Penedo. &nbsp; Na oportunidade, nosso rep\u00f3rter Valdi Fernando entrevistou o prefeito de Penedo Ronaldo Lopes onde o mesmo destacou a import\u00e2ncia do complexo escolar para a comunidade do povoado Murici. &nbsp; Ou\u00e7a a entrevista &hellip;<\/p>\n","protected":false},"author":2,"featured_media":24385,"comment_status":"open","ping_status":"open","sticky":false,"template":"","format":"standard","meta":{"_jetpack_memberships_contains_paid_content":false,"footnotes":""},"categories":[1,3],"tags":[],"class_list":["post-24383","post","type-post","status-publish","format-standard","has-post-thumbnail","hentry","category-destaque","category-penedo"],"jetpack_featured_media_url":"https:\/\/www.oparanews.com.br\/wp-content\/uploads\/2022\/07\/IMG_20220723_191705_856.jpg","jetpack_sharing_enabled":true,"_links":{"self":[{"href":"https:\/\/www.oparanews.com.br\/index.php\/wp-json\/wp\/v2\/posts\/24383","targetHints":{"allow":["GET"]}}],"collection":[{"href":"https:\/\/www.oparanews.com.br\/index.php\/wp-json\/wp\/v2\/posts"}],"about":[{"href":"https:\/\/www.oparanews.com.br\/index.php\/wp-json\/wp\/v2\/types\/post"}],"author":[{"embeddable":true,"href":"https:\/\/www.oparanews.com.br\/index.php\/wp-json\/wp\/v2\/users\/2"}],"replies":[{"embeddable":true,"href":"https:\/\/www.oparanews.com.br\/index.php\/wp-json\/wp\/v2\/comments?post=24383"}],"version-history":[{"count":1,"href":"https:\/\/www.oparanews.com.br\/index.php\/wp-json\/wp\/v2\/posts\/24383\/revisions"}],"predecessor-version":[{"id":24386,"href":"https:\/\/www.oparanews.com.br\/index.php\/wp-json\/wp\/v2\/posts\/24383\/revisions\/24386"}],"wp:featuredmedia":[{"embeddable":true,"href":"https:\/\/www.oparanews.com.br\/index.php\/wp-json\/wp\/v2\/media\/24385"}],"wp:attachment":[{"href":"https:\/\/www.oparanews.com.br\/index.php\/wp-json\/wp\/v2\/media?parent=24383"}],"wp:term":[{"taxonomy":"category","embeddable":true,"href":"https:\/\/www.oparanews.com.br\/index.php\/wp-json\/wp\/v2\/categories?post=24383"},{"taxonomy":"post_tag","embeddable":true,"href":"https:\/\/www.oparanews.com.br\/index.php\/wp-json\/wp\/v2\/tags?post=24383"}],"curies":[{"name":"wp","href":"https:\/\/api.w.org\/{rel}","templated":true}]}}