{"id":24388,"date":"2022-07-24T20:02:29","date_gmt":"2022-07-24T23:02:29","guid":{"rendered":"https:\/\/www.oparanews.com.br\/?p=24388"},"modified":"2022-07-24T20:02:29","modified_gmt":"2022-07-24T23:02:29","slug":"motociclista-morre-em-acidente-com-caminhao-em-coruripe","status":"publish","type":"post","link":"https:\/\/www.oparanews.com.br\/index.php\/2022\/07\/24\/motociclista-morre-em-acidente-com-caminhao-em-coruripe\/","title":{"rendered":"Motociclista morre em acidente com caminh\u00e3o em Coruripe"},"content":{"rendered":"<p>Um motociclista morreu ap\u00f3s uma colis\u00e3o com um caminh\u00e3o em uma estrada que d\u00e1 acesso ao Pontal do Coruripe. O acidente ocorreu na noite de sexta-feira (22). O motorista do caminh\u00e3o fugiu e n\u00e3o foi localizado.<\/p>\n<p>&nbsp;<\/p>\n<p>Segundo militares do Batalh\u00e3o de Pol\u00edcia Rodovi\u00e1ria (BPRv), o servi\u00e7o de Atendimento M\u00f3vel de Urg\u00eancia (Samu) chegou ao local, mas Gilvan Lopes de Souza estava em \u00f3bito.<\/p>\n<p>&nbsp;<\/p>\n<p>N\u00e3o h\u00e1 informa\u00e7\u00f5es sobre as causas do acidente. O Instituto M\u00e9dico legal (IML) esteve no local e recolheu o corpo da v\u00edtima.<\/p>\n<p>&nbsp;<\/p>\n<p>&nbsp;<\/p>\n<p><strong>por Michelle Farias, g1 AL<\/strong><\/p>\n<p>&nbsp;<\/p>\n","protected":false},"excerpt":{"rendered":"<p>Um motociclista morreu ap\u00f3s uma colis\u00e3o com um caminh\u00e3o em uma estrada que d\u00e1 acesso ao Pontal do Coruripe. O acidente ocorreu na noite de sexta-feira (22). O motorista do caminh\u00e3o fugiu e n\u00e3o foi localizado. &nbsp; Segundo militares do Batalh\u00e3o de Pol\u00edcia Rodovi\u00e1ria (BPRv), o servi\u00e7o de Atendimento M\u00f3vel de Urg\u00eancia (Samu) chegou ao &hellip;<\/p>\n","protected":false},"author":2,"featured_media":24389,"comment_status":"open","ping_status":"open","sticky":false,"template":"","format":"standard","meta":{"_jetpack_memberships_contains_paid_content":false,"footnotes":""},"categories":[4,1],"tags":[],"class_list":["post-24388","post","type-post","status-publish","format-standard","has-post-thumbnail","hentry","category-alagoas","category-destaque"],"jetpack_featured_media_url":"https:\/\/www.oparanews.com.br\/wp-content\/uploads\/2022\/07\/dsc00113.webp","jetpack_sharing_enabled":true,"_links":{"self":[{"href":"https:\/\/www.oparanews.com.br\/index.php\/wp-json\/wp\/v2\/posts\/24388","targetHints":{"allow":["GET"]}}],"collection":[{"href":"https:\/\/www.oparanews.com.br\/index.php\/wp-json\/wp\/v2\/posts"}],"about":[{"href":"https:\/\/www.oparanews.com.br\/index.php\/wp-json\/wp\/v2\/types\/post"}],"author":[{"embeddable":true,"href":"https:\/\/www.oparanews.com.br\/index.php\/wp-json\/wp\/v2\/users\/2"}],"replies":[{"embeddable":true,"href":"https:\/\/www.oparanews.com.br\/index.php\/wp-json\/wp\/v2\/comments?post=24388"}],"version-history":[{"count":1,"href":"https:\/\/www.oparanews.com.br\/index.php\/wp-json\/wp\/v2\/posts\/24388\/revisions"}],"predecessor-version":[{"id":24390,"href":"https:\/\/www.oparanews.com.br\/index.php\/wp-json\/wp\/v2\/posts\/24388\/revisions\/24390"}],"wp:featuredmedia":[{"embeddable":true,"href":"https:\/\/www.oparanews.com.br\/index.php\/wp-json\/wp\/v2\/media\/24389"}],"wp:attachment":[{"href":"https:\/\/www.oparanews.com.br\/index.php\/wp-json\/wp\/v2\/media?parent=24388"}],"wp:term":[{"taxonomy":"category","embeddable":true,"href":"https:\/\/www.oparanews.com.br\/index.php\/wp-json\/wp\/v2\/categories?post=24388"},{"taxonomy":"post_tag","embeddable":true,"href":"https:\/\/www.oparanews.com.br\/index.php\/wp-json\/wp\/v2\/tags?post=24388"}],"curies":[{"name":"wp","href":"https:\/\/api.w.org\/{rel}","templated":true}]}}