{"id":24402,"date":"2022-07-25T16:29:29","date_gmt":"2022-07-25T19:29:29","guid":{"rendered":"https:\/\/www.oparanews.com.br\/?p=24402"},"modified":"2022-07-25T16:29:29","modified_gmt":"2022-07-25T19:29:29","slug":"setur-convida-trade-turistico-para-1a-edicao-do-destino-penedo-em-foco","status":"publish","type":"post","link":"https:\/\/www.oparanews.com.br\/index.php\/2022\/07\/25\/setur-convida-trade-turistico-para-1a-edicao-do-destino-penedo-em-foco\/","title":{"rendered":"SETUR convida trade tur\u00edstico para 1\u00aa edi\u00e7\u00e3o do Destino Penedo em Foco"},"content":{"rendered":"<p>Na pr\u00f3xima quinta-feira (28), a Secretaria de Turismo de Penedo (SETUR) realizar\u00e1, pela primeira vez, o \u2018Destino Penedo em Foco\u2019.<\/p>\n<p>&nbsp;<\/p>\n<p>O evento da gest\u00e3o Penedo Crescendo Com Seu Povo acontecer\u00e1 no audit\u00f3rio da Casa da Aposentadoria, a partir das 19h30.<\/p>\n<p>&nbsp;<\/p>\n<p>O evento direcionado para trade tur\u00edstico local vai apresentar e debater propostas, a fim de fortalecer e desenvolver ainda mais o turismo em Penedo e na regi\u00e3o ribeirinha, al\u00e9m de expor a vis\u00e3o e metodologia de trabalho da Secretaria de Turismo do munic\u00edpio.<\/p>\n<p>&nbsp;<\/p>\n<p>Administrada por um profissional do ramo, Jair Galv\u00e3o, a pasta criada pela gest\u00e3o do prefeito Ronaldo Lopes significa mais um avan\u00e7o promovido pelo gestor que estrutura setores do munic\u00edpio que podem gerar renda e emprego para o povo de Penedo.<\/p>\n<p>&nbsp;<\/p>\n<p>\u201cO Destino Penedo em Foco vai marcar o primeiro contato da SETUR com os empres\u00e1rios do setor tur\u00edstico da cidade e vamos debater propostas que, em breve, somar\u00e3o para o desenvolvimento do turismo em Penedo\u201d, explica Jair Galv\u00e3o.<\/p>\n<p>&nbsp;<\/p>\n<p>Al\u00e9m da riqueza de seu patrim\u00f4nio hist\u00f3rico, Penedo tem muito mais a oferecer para sua popula\u00e7\u00e3o e seus visitantes.<\/p>\n<p>&nbsp;<\/p>\n<p>\u201cUma de nossas metas \u00e9 colocar a cidade dentro do portf\u00f3lio nacional das ag\u00eancias e operadoras de turismo e a realiza\u00e7\u00e3o de eventos como esse que estamos promovendo \u00e9 de suma import\u00e2ncia para que isso aconte\u00e7a\u201d, refor\u00e7a o secret\u00e1rio de Turismo de Penedo.<\/p>\n<p>&nbsp;<\/p>\n<p>O Destino Penedo em Foco \u00e9 aberto ao p\u00fablico e qualquer pessoa poder\u00e1 participar do evento que ter\u00e1 ainda networking, rodadas de conversa e estreitamento de parcerias.<\/p>\n<p>&nbsp;<\/p>\n<p>&nbsp;<\/p>\n<p>&nbsp;<\/p>\n<p><strong>por Thaciana Lima \u2013 jornalista e social media da Setur Penedo<\/strong><\/p>\n<p>&nbsp;<\/p>\n","protected":false},"excerpt":{"rendered":"<p>Na pr\u00f3xima quinta-feira (28), a Secretaria de Turismo de Penedo (SETUR) realizar\u00e1, pela primeira vez, o \u2018Destino Penedo em Foco\u2019. &nbsp; O evento da gest\u00e3o Penedo Crescendo Com Seu Povo acontecer\u00e1 no audit\u00f3rio da Casa da Aposentadoria, a partir das 19h30. &nbsp; O evento direcionado para trade tur\u00edstico local vai apresentar e debater propostas, a &hellip;<\/p>\n","protected":false},"author":2,"featured_media":24403,"comment_status":"open","ping_status":"open","sticky":false,"template":"","format":"standard","meta":{"_jetpack_memberships_contains_paid_content":false,"footnotes":""},"categories":[1,3],"tags":[],"class_list":["post-24402","post","type-post","status-publish","format-standard","has-post-thumbnail","hentry","category-destaque","category-penedo"],"jetpack_featured_media_url":"https:\/\/www.oparanews.com.br\/wp-content\/uploads\/2022\/07\/penedo-posse-secom-setur-foto-deywisson-duarte-3-696x464-1.jpeg","jetpack_sharing_enabled":true,"_links":{"self":[{"href":"https:\/\/www.oparanews.com.br\/index.php\/wp-json\/wp\/v2\/posts\/24402","targetHints":{"allow":["GET"]}}],"collection":[{"href":"https:\/\/www.oparanews.com.br\/index.php\/wp-json\/wp\/v2\/posts"}],"about":[{"href":"https:\/\/www.oparanews.com.br\/index.php\/wp-json\/wp\/v2\/types\/post"}],"author":[{"embeddable":true,"href":"https:\/\/www.oparanews.com.br\/index.php\/wp-json\/wp\/v2\/users\/2"}],"replies":[{"embeddable":true,"href":"https:\/\/www.oparanews.com.br\/index.php\/wp-json\/wp\/v2\/comments?post=24402"}],"version-history":[{"count":2,"href":"https:\/\/www.oparanews.com.br\/index.php\/wp-json\/wp\/v2\/posts\/24402\/revisions"}],"predecessor-version":[{"id":24405,"href":"https:\/\/www.oparanews.com.br\/index.php\/wp-json\/wp\/v2\/posts\/24402\/revisions\/24405"}],"wp:featuredmedia":[{"embeddable":true,"href":"https:\/\/www.oparanews.com.br\/index.php\/wp-json\/wp\/v2\/media\/24403"}],"wp:attachment":[{"href":"https:\/\/www.oparanews.com.br\/index.php\/wp-json\/wp\/v2\/media?parent=24402"}],"wp:term":[{"taxonomy":"category","embeddable":true,"href":"https:\/\/www.oparanews.com.br\/index.php\/wp-json\/wp\/v2\/categories?post=24402"},{"taxonomy":"post_tag","embeddable":true,"href":"https:\/\/www.oparanews.com.br\/index.php\/wp-json\/wp\/v2\/tags?post=24402"}],"curies":[{"name":"wp","href":"https:\/\/api.w.org\/{rel}","templated":true}]}}