{"id":24406,"date":"2022-07-25T16:31:11","date_gmt":"2022-07-25T19:31:11","guid":{"rendered":"https:\/\/www.oparanews.com.br\/?p=24406"},"modified":"2022-07-25T16:31:11","modified_gmt":"2022-07-25T19:31:11","slug":"prefeitura-de-penedo-inicia-entrega-do-cartao-dos-programas-mesa-cheia-e-bolsa-auxilio-permanencia","status":"publish","type":"post","link":"https:\/\/www.oparanews.com.br\/index.php\/2022\/07\/25\/prefeitura-de-penedo-inicia-entrega-do-cartao-dos-programas-mesa-cheia-e-bolsa-auxilio-permanencia\/","title":{"rendered":"Prefeitura de Penedo inicia entrega do cart\u00e3o dos programas Mesa Cheia e Bolsa Aux\u00edlio Perman\u00eancia"},"content":{"rendered":"<p>Os programas de distribui\u00e7\u00e3o de renda Mesa Cheia e Bolsa Aux\u00edlio Perman\u00eancia (BAP) avan\u00e7am para a entrega do cart\u00e3o aos benefici\u00e1rios.<\/p>\n<p>&nbsp;<\/p>\n<p>Cada chefe ou respons\u00e1vel por fam\u00edlia em situa\u00e7\u00e3o de pobreza ou de extrema pobreza que n\u00e3o recebe nenhum tipo de aux\u00edlio do governo federal e est\u00e1 inserido no Mesa Cheia recebe seu cart\u00e3o na tarde da pr\u00f3xima quarta-feira, 27.<\/p>\n<p>&nbsp;<\/p>\n<p>As pessoas identificadas no perfil do programa coordenado pela Secretaria Municipal de Desenvolvimento Social e Habita\u00e7\u00e3o (SEMDSH) devem se dirigir ao gin\u00e1sio do Centro Juvenil Maria Auxiliadora, localizado na Vila Matias, a partir das 14 horas.<\/p>\n<p><a href=\"http:\/\/www.oparanews.com.br\/wp-content\/uploads\/2022\/07\/ronaldo-lopes-mesa-cheia-e1654525274523-696x709-1.jpg\"><img loading=\"lazy\" decoding=\"async\" class=\"aligncenter size-full wp-image-24408\" src=\"http:\/\/www.oparanews.com.br\/wp-content\/uploads\/2022\/07\/ronaldo-lopes-mesa-cheia-e1654525274523-696x709-1.jpg\" alt=\"\" width=\"696\" height=\"709\" srcset=\"https:\/\/www.oparanews.com.br\/wp-content\/uploads\/2022\/07\/ronaldo-lopes-mesa-cheia-e1654525274523-696x709-1.jpg 696w, https:\/\/www.oparanews.com.br\/wp-content\/uploads\/2022\/07\/ronaldo-lopes-mesa-cheia-e1654525274523-696x709-1-294x300.jpg 294w\" sizes=\"auto, (max-width: 696px) 100vw, 696px\" \/><\/a><\/p>\n<p>Na manh\u00e3 da sexta-feira, 29, a Prefeitura de Penedo entrega o cart\u00e3o do Bolsa Aux\u00edlio Perman\u00eancia no Complexo Esportivo e Educacional Moacir Andrade, o antigo gin\u00e1sio do SESI, a partir das 10 horas.<\/p>\n<p>&nbsp;<\/p>\n<p>O espa\u00e7o que abriga a Secretaria Municipal de Educa\u00e7\u00e3o (SEMED) receber\u00e1 o p\u00fablico-alvo do BAP, alunos e alunas da Educa\u00e7\u00e3o para Jovens e Adultos (EJA), modalidade com mais de 400 matr\u00edculas registradas neste ano.<\/p>\n<p>&nbsp;<\/p>\n<p>Na mesma data, a gest\u00e3o Penedo, Crescendo Com Seu Povo distribui material escolar para a crian\u00e7ada da Educa\u00e7\u00e3o Infantil e tamb\u00e9m para estudantes do Ensino Fundamental e da EJA.<\/p>\n<p>&nbsp;<\/p>\n<p>Planejados para atender fam\u00edlias em situa\u00e7\u00e3o de vulnerabilidade social, os programas de distribui\u00e7\u00e3o de renda do governo Ronaldo Lopes tamb\u00e9m injetam recursos no com\u00e9rcio penedense.<\/p>\n<p>&nbsp;<\/p>\n<p>A compra autorizada apenas para alimentos, itens de higiene pessoal e produtos farmac\u00eauticos ser\u00e1 feita exclusivamente em estabelecimentos que funcionam no munic\u00edpio, mediante cadastro (confira aqui os procedimentos).<\/p>\n<p>&nbsp;<\/p>\n<p>&nbsp;<\/p>\n<p>&nbsp;<\/p>\n<p><strong>por Fernando Vin\u00edcius \u2013 Secom PMP<\/strong><\/p>\n<p>&nbsp;<\/p>\n","protected":false},"excerpt":{"rendered":"<p>Os programas de distribui\u00e7\u00e3o de renda Mesa Cheia e Bolsa Aux\u00edlio Perman\u00eancia (BAP) avan\u00e7am para a entrega do cart\u00e3o aos benefici\u00e1rios. &nbsp; Cada chefe ou respons\u00e1vel por fam\u00edlia em situa\u00e7\u00e3o de pobreza ou de extrema pobreza que n\u00e3o recebe nenhum tipo de aux\u00edlio do governo federal e est\u00e1 inserido no Mesa Cheia recebe seu cart\u00e3o &hellip;<\/p>\n","protected":false},"author":2,"featured_media":24407,"comment_status":"open","ping_status":"open","sticky":false,"template":"","format":"standard","meta":{"_jetpack_memberships_contains_paid_content":false,"footnotes":""},"categories":[1,3],"tags":[],"class_list":["post-24406","post","type-post","status-publish","format-standard","has-post-thumbnail","hentry","category-destaque","category-penedo"],"jetpack_featured_media_url":"https:\/\/www.oparanews.com.br\/wp-content\/uploads\/2022\/07\/mesa-cheia-bap-penedo-foto-deywisson-duarte.jpg","jetpack_sharing_enabled":true,"_links":{"self":[{"href":"https:\/\/www.oparanews.com.br\/index.php\/wp-json\/wp\/v2\/posts\/24406","targetHints":{"allow":["GET"]}}],"collection":[{"href":"https:\/\/www.oparanews.com.br\/index.php\/wp-json\/wp\/v2\/posts"}],"about":[{"href":"https:\/\/www.oparanews.com.br\/index.php\/wp-json\/wp\/v2\/types\/post"}],"author":[{"embeddable":true,"href":"https:\/\/www.oparanews.com.br\/index.php\/wp-json\/wp\/v2\/users\/2"}],"replies":[{"embeddable":true,"href":"https:\/\/www.oparanews.com.br\/index.php\/wp-json\/wp\/v2\/comments?post=24406"}],"version-history":[{"count":1,"href":"https:\/\/www.oparanews.com.br\/index.php\/wp-json\/wp\/v2\/posts\/24406\/revisions"}],"predecessor-version":[{"id":24409,"href":"https:\/\/www.oparanews.com.br\/index.php\/wp-json\/wp\/v2\/posts\/24406\/revisions\/24409"}],"wp:featuredmedia":[{"embeddable":true,"href":"https:\/\/www.oparanews.com.br\/index.php\/wp-json\/wp\/v2\/media\/24407"}],"wp:attachment":[{"href":"https:\/\/www.oparanews.com.br\/index.php\/wp-json\/wp\/v2\/media?parent=24406"}],"wp:term":[{"taxonomy":"category","embeddable":true,"href":"https:\/\/www.oparanews.com.br\/index.php\/wp-json\/wp\/v2\/categories?post=24406"},{"taxonomy":"post_tag","embeddable":true,"href":"https:\/\/www.oparanews.com.br\/index.php\/wp-json\/wp\/v2\/tags?post=24406"}],"curies":[{"name":"wp","href":"https:\/\/api.w.org\/{rel}","templated":true}]}}