{"id":24414,"date":"2022-07-26T15:55:53","date_gmt":"2022-07-26T18:55:53","guid":{"rendered":"https:\/\/www.oparanews.com.br\/?p=24414"},"modified":"2022-07-26T15:55:53","modified_gmt":"2022-07-26T18:55:53","slug":"prefeitura-de-penedo-inicia-pagamento-do-salario-de-julho-nesta-quarta-feira-27","status":"publish","type":"post","link":"https:\/\/www.oparanews.com.br\/index.php\/2022\/07\/26\/prefeitura-de-penedo-inicia-pagamento-do-salario-de-julho-nesta-quarta-feira-27\/","title":{"rendered":"Prefeitura de Penedo inicia pagamento do sal\u00e1rio de julho nesta quarta-feira, 27"},"content":{"rendered":"<p>O sal\u00e1rio do m\u00eas de julho dos servidores efetivos e contratados da Prefeitura de Penedo come\u00e7a a ser pago nesta quarta-feira, 27<\/p>\n<p>&nbsp;<\/p>\n<p>O calend\u00e1rio de quita\u00e7\u00e3o do funcionalismo municipal come\u00e7a com a faixa denominada Demais Secretarias.<\/p>\n<p>&nbsp;<\/p>\n<p>Na quinta, 28, recebem trabalhadores e trabalhadoras da Secretaria Municipal de Educa\u00e7\u00e3o.<\/p>\n<p>&nbsp;<\/p>\n<p>A folha de pessoal da Prefeitura de Penedo ser\u00e1 conclu\u00edda na sexta-feira, 29, quando recebem os servidores da Secretaria Municipal de Sa\u00fade, data do pagamento do 13\u00ba sal\u00e1rio para todos funcion\u00e1rios que fazem anivers\u00e1rio em julho.<\/p>\n<p>&nbsp;<\/p>\n<p>A quita\u00e7\u00e3o da folha de pessoal em dia e dentro do m\u00eas trabalhado \u00e9 compromisso assumido e cumprido \u00e0 risca pelo Prefeito Ronaldo Lopes.<\/p>\n<p>&nbsp;<\/p>\n<p>&nbsp;<\/p>\n<p>&nbsp;<\/p>\n<p><strong>Fonte: Secom PMP<\/strong><\/p>\n<p>&nbsp;<\/p>\n","protected":false},"excerpt":{"rendered":"<p>O sal\u00e1rio do m\u00eas de julho dos servidores efetivos e contratados da Prefeitura de Penedo come\u00e7a a ser pago nesta quarta-feira, 27 &nbsp; O calend\u00e1rio de quita\u00e7\u00e3o do funcionalismo municipal come\u00e7a com a faixa denominada Demais Secretarias. &nbsp; Na quinta, 28, recebem trabalhadores e trabalhadoras da Secretaria Municipal de Educa\u00e7\u00e3o. &nbsp; A folha de pessoal &hellip;<\/p>\n","protected":false},"author":2,"featured_media":24415,"comment_status":"open","ping_status":"open","sticky":false,"template":"","format":"standard","meta":{"_jetpack_memberships_contains_paid_content":false,"footnotes":""},"categories":[1,3],"tags":[],"class_list":["post-24414","post","type-post","status-publish","format-standard","has-post-thumbnail","hentry","category-destaque","category-penedo"],"jetpack_featured_media_url":"https:\/\/www.oparanews.com.br\/wp-content\/uploads\/2022\/07\/salario-prefeitura-penedo.jpg","jetpack_sharing_enabled":true,"_links":{"self":[{"href":"https:\/\/www.oparanews.com.br\/index.php\/wp-json\/wp\/v2\/posts\/24414","targetHints":{"allow":["GET"]}}],"collection":[{"href":"https:\/\/www.oparanews.com.br\/index.php\/wp-json\/wp\/v2\/posts"}],"about":[{"href":"https:\/\/www.oparanews.com.br\/index.php\/wp-json\/wp\/v2\/types\/post"}],"author":[{"embeddable":true,"href":"https:\/\/www.oparanews.com.br\/index.php\/wp-json\/wp\/v2\/users\/2"}],"replies":[{"embeddable":true,"href":"https:\/\/www.oparanews.com.br\/index.php\/wp-json\/wp\/v2\/comments?post=24414"}],"version-history":[{"count":1,"href":"https:\/\/www.oparanews.com.br\/index.php\/wp-json\/wp\/v2\/posts\/24414\/revisions"}],"predecessor-version":[{"id":24416,"href":"https:\/\/www.oparanews.com.br\/index.php\/wp-json\/wp\/v2\/posts\/24414\/revisions\/24416"}],"wp:featuredmedia":[{"embeddable":true,"href":"https:\/\/www.oparanews.com.br\/index.php\/wp-json\/wp\/v2\/media\/24415"}],"wp:attachment":[{"href":"https:\/\/www.oparanews.com.br\/index.php\/wp-json\/wp\/v2\/media?parent=24414"}],"wp:term":[{"taxonomy":"category","embeddable":true,"href":"https:\/\/www.oparanews.com.br\/index.php\/wp-json\/wp\/v2\/categories?post=24414"},{"taxonomy":"post_tag","embeddable":true,"href":"https:\/\/www.oparanews.com.br\/index.php\/wp-json\/wp\/v2\/tags?post=24414"}],"curies":[{"name":"wp","href":"https:\/\/api.w.org\/{rel}","templated":true}]}}