{"id":24429,"date":"2022-07-27T12:52:50","date_gmt":"2022-07-27T15:52:50","guid":{"rendered":"https:\/\/www.oparanews.com.br\/?p=24429"},"modified":"2022-07-27T12:52:50","modified_gmt":"2022-07-27T15:52:50","slug":"programa-cria-divulga-nova-lista-de-beneficiarias-em-penedo","status":"publish","type":"post","link":"https:\/\/www.oparanews.com.br\/index.php\/2022\/07\/27\/programa-cria-divulga-nova-lista-de-beneficiarias-em-penedo\/","title":{"rendered":"Programa CRIA divulga nova lista de benefici\u00e1rias em Penedo"},"content":{"rendered":"<p>A Prefeitura de Penedo, atrav\u00e9s da Secretaria Municipal de Desenvolvimento Social e Habita\u00e7\u00e3o (SEMDSH), divulga nova lista de m\u00e3es de fam\u00edlia de baixa renda inclu\u00eddas no Programa Crian\u00e7a Alagoana (CRIA) que distribui mensalmente R$ 150,00.<\/p>\n<p>&nbsp;<\/p>\n<p>A rela\u00e7\u00e3o das contempladas no (CRIA) divulga a lista dos penedenses no programa para auxiliar as m\u00e3es na compra de alimentos e itens de higiene para crian\u00e7as.<\/p>\n<p>&nbsp;<\/p>\n<p>O Programa CRIA atende cerca de 4 mil fam\u00edlias em Penedo e alcan\u00e7a um n\u00famero cada vez maior do p\u00fablico-alvo por conta das a\u00e7\u00f5es desenvolvidas no governo Ronaldo Lopes.<\/p>\n<p>&nbsp;<\/p>\n<p>O calend\u00e1rio de pagamento do CRIA \u00e9 id\u00eantico ao do Aux\u00edlio Brasil, com a data do dep\u00f3sito correspondente ao final do n\u00famero do NIS do benefici\u00e1rio.<\/p>\n<p>&nbsp;<\/p>\n<p><strong>CONFIRA ABAIXO<\/strong><\/p>\n<p>&nbsp;<\/p>\n<p><a href=\"https:\/\/penedo.al.gov.br\/wp-content\/uploads\/2022\/07\/lista-cria-penedo-maio-junho-julho.pdf\"><strong>lista cria penedo maio junho julho<\/strong><\/a><\/p>\n<p>&nbsp;<\/p>\n<p>&nbsp;<\/p>\n<p>&nbsp;<\/p>\n<p><strong>Fonte: Decom PMP<\/strong><\/p>\n<p>&nbsp;<\/p>\n","protected":false},"excerpt":{"rendered":"<p>A Prefeitura de Penedo, atrav\u00e9s da Secretaria Municipal de Desenvolvimento Social e Habita\u00e7\u00e3o (SEMDSH), divulga nova lista de m\u00e3es de fam\u00edlia de baixa renda inclu\u00eddas no Programa Crian\u00e7a Alagoana (CRIA) que distribui mensalmente R$ 150,00. &nbsp; A rela\u00e7\u00e3o das contempladas no (CRIA) divulga a lista dos penedenses no programa para auxiliar as m\u00e3es na compra &hellip;<\/p>\n","protected":false},"author":2,"featured_media":24430,"comment_status":"open","ping_status":"open","sticky":false,"template":"","format":"standard","meta":{"_jetpack_memberships_contains_paid_content":false,"footnotes":""},"categories":[1,3],"tags":[],"class_list":["post-24429","post","type-post","status-publish","format-standard","has-post-thumbnail","hentry","category-destaque","category-penedo"],"jetpack_featured_media_url":"https:\/\/www.oparanews.com.br\/wp-content\/uploads\/2022\/07\/WhatsApp-Image-2022-07-27-at-09.34.15.jpeg","jetpack_sharing_enabled":true,"_links":{"self":[{"href":"https:\/\/www.oparanews.com.br\/index.php\/wp-json\/wp\/v2\/posts\/24429","targetHints":{"allow":["GET"]}}],"collection":[{"href":"https:\/\/www.oparanews.com.br\/index.php\/wp-json\/wp\/v2\/posts"}],"about":[{"href":"https:\/\/www.oparanews.com.br\/index.php\/wp-json\/wp\/v2\/types\/post"}],"author":[{"embeddable":true,"href":"https:\/\/www.oparanews.com.br\/index.php\/wp-json\/wp\/v2\/users\/2"}],"replies":[{"embeddable":true,"href":"https:\/\/www.oparanews.com.br\/index.php\/wp-json\/wp\/v2\/comments?post=24429"}],"version-history":[{"count":1,"href":"https:\/\/www.oparanews.com.br\/index.php\/wp-json\/wp\/v2\/posts\/24429\/revisions"}],"predecessor-version":[{"id":24431,"href":"https:\/\/www.oparanews.com.br\/index.php\/wp-json\/wp\/v2\/posts\/24429\/revisions\/24431"}],"wp:featuredmedia":[{"embeddable":true,"href":"https:\/\/www.oparanews.com.br\/index.php\/wp-json\/wp\/v2\/media\/24430"}],"wp:attachment":[{"href":"https:\/\/www.oparanews.com.br\/index.php\/wp-json\/wp\/v2\/media?parent=24429"}],"wp:term":[{"taxonomy":"category","embeddable":true,"href":"https:\/\/www.oparanews.com.br\/index.php\/wp-json\/wp\/v2\/categories?post=24429"},{"taxonomy":"post_tag","embeddable":true,"href":"https:\/\/www.oparanews.com.br\/index.php\/wp-json\/wp\/v2\/tags?post=24429"}],"curies":[{"name":"wp","href":"https:\/\/api.w.org\/{rel}","templated":true}]}}