{"id":24448,"date":"2022-07-30T18:14:17","date_gmt":"2022-07-30T21:14:17","guid":{"rendered":"https:\/\/www.oparanews.com.br\/?p=24448"},"modified":"2022-07-30T18:14:17","modified_gmt":"2022-07-30T21:14:17","slug":"prefeitura-de-penedo-viabiliza-inclusao-dos-taxistas-no-beneficio-que-paga-r-6-mil-reais-para-cada-prestador-do-servico","status":"publish","type":"post","link":"https:\/\/www.oparanews.com.br\/index.php\/2022\/07\/30\/prefeitura-de-penedo-viabiliza-inclusao-dos-taxistas-no-beneficio-que-paga-r-6-mil-reais-para-cada-prestador-do-servico\/","title":{"rendered":"Prefeitura de Penedo viabiliza inclus\u00e3o dos taxistas no benef\u00edcio que paga R$ 6 mil reais para cada prestador do servi\u00e7o"},"content":{"rendered":"<p>Taxistas de todo o Brasil, devidamente autorizados para prestar o servi\u00e7o, podem receber aux\u00edlio emergencial do governo federal no valor de R$ 6.000,00 (seis mil reais).<\/p>\n<p>&nbsp;<\/p>\n<p>Para que os trabalhadores tenham acesso ao benef\u00edcio Bem Taxista, as prefeituras precisam efetivar o procedimento exigido pela Uni\u00e3o, medida que a Prefeitura de Penedo j\u00e1 concluiu.<\/p>\n<p>&nbsp;<\/p>\n<p>\u201cAcabo de enviar ao Minist\u00e9rio do Trabalho e da Previd\u00eancia a rela\u00e7\u00e3o de todos os taxistas cadastrados em nosso munic\u00edpio\u201d, anunciou o Prefeito Ronaldo Lopes em seu Instagram nesta sexta-feira, 29.<\/p>\n<p>&nbsp;<\/p>\n<p>Os 113 taxistas autorizados para o transporte de passageiros em Penedo recebem o benef\u00edcio dividido em seis parcelas a partir de agosto porque a Prefeitura de Penedo fez o que \u00e9 de sua responsabilidade, antes do fim do primeiro prazo de inclus\u00e3o.<\/p>\n<p>&nbsp;<\/p>\n<p>De acordo com o Minist\u00e9rio do Trabalho, o munic\u00edpio que atender as exig\u00eancias at\u00e9 31 de julho viabiliza o primeiro pagamento do Bem Taxista para o pr\u00f3ximo dia 16 de agosto, repasse que dever\u00e1 contemplar as duas parcelas iniciais do benef\u00edcio que totaliza seis mil reais para cada taxista.<\/p>\n<p>&nbsp;<\/p>\n<p>&nbsp;<\/p>\n<p>&nbsp;<\/p>\n<p><strong>por Fernando Vin\u00edcius \u2013 Secom PMP<\/strong><\/p>\n<p>&nbsp;<\/p>\n","protected":false},"excerpt":{"rendered":"<p>Taxistas de todo o Brasil, devidamente autorizados para prestar o servi\u00e7o, podem receber aux\u00edlio emergencial do governo federal no valor de R$ 6.000,00 (seis mil reais). &nbsp; Para que os trabalhadores tenham acesso ao benef\u00edcio Bem Taxista, as prefeituras precisam efetivar o procedimento exigido pela Uni\u00e3o, medida que a Prefeitura de Penedo j\u00e1 concluiu. &nbsp; &hellip;<\/p>\n","protected":false},"author":2,"featured_media":24449,"comment_status":"open","ping_status":"open","sticky":false,"template":"","format":"standard","meta":{"_jetpack_memberships_contains_paid_content":false,"footnotes":""},"categories":[1,3],"tags":[],"class_list":["post-24448","post","type-post","status-publish","format-standard","has-post-thumbnail","hentry","category-destaque","category-penedo"],"jetpack_featured_media_url":"https:\/\/www.oparanews.com.br\/wp-content\/uploads\/2022\/07\/bem-taxista-penedo-foto-smtt-2.jpeg","jetpack_sharing_enabled":true,"_links":{"self":[{"href":"https:\/\/www.oparanews.com.br\/index.php\/wp-json\/wp\/v2\/posts\/24448","targetHints":{"allow":["GET"]}}],"collection":[{"href":"https:\/\/www.oparanews.com.br\/index.php\/wp-json\/wp\/v2\/posts"}],"about":[{"href":"https:\/\/www.oparanews.com.br\/index.php\/wp-json\/wp\/v2\/types\/post"}],"author":[{"embeddable":true,"href":"https:\/\/www.oparanews.com.br\/index.php\/wp-json\/wp\/v2\/users\/2"}],"replies":[{"embeddable":true,"href":"https:\/\/www.oparanews.com.br\/index.php\/wp-json\/wp\/v2\/comments?post=24448"}],"version-history":[{"count":1,"href":"https:\/\/www.oparanews.com.br\/index.php\/wp-json\/wp\/v2\/posts\/24448\/revisions"}],"predecessor-version":[{"id":24450,"href":"https:\/\/www.oparanews.com.br\/index.php\/wp-json\/wp\/v2\/posts\/24448\/revisions\/24450"}],"wp:featuredmedia":[{"embeddable":true,"href":"https:\/\/www.oparanews.com.br\/index.php\/wp-json\/wp\/v2\/media\/24449"}],"wp:attachment":[{"href":"https:\/\/www.oparanews.com.br\/index.php\/wp-json\/wp\/v2\/media?parent=24448"}],"wp:term":[{"taxonomy":"category","embeddable":true,"href":"https:\/\/www.oparanews.com.br\/index.php\/wp-json\/wp\/v2\/categories?post=24448"},{"taxonomy":"post_tag","embeddable":true,"href":"https:\/\/www.oparanews.com.br\/index.php\/wp-json\/wp\/v2\/tags?post=24448"}],"curies":[{"name":"wp","href":"https:\/\/api.w.org\/{rel}","templated":true}]}}