{"id":24451,"date":"2022-07-30T18:17:51","date_gmt":"2022-07-30T21:17:51","guid":{"rendered":"https:\/\/www.oparanews.com.br\/?p=24451"},"modified":"2022-07-30T18:17:51","modified_gmt":"2022-07-30T21:17:51","slug":"estudantes-de-escolas-da-prefeitura-de-penedo-recebem-material-escolar-e-bolsa-auxilio-permanencia","status":"publish","type":"post","link":"https:\/\/www.oparanews.com.br\/index.php\/2022\/07\/30\/estudantes-de-escolas-da-prefeitura-de-penedo-recebem-material-escolar-e-bolsa-auxilio-permanencia\/","title":{"rendered":"Estudantes de escolas da Prefeitura de Penedo recebem material escolar e Bolsa Aux\u00edlio Perman\u00eancia"},"content":{"rendered":"<p>O Prefeito Ronaldo Lopes e a Secret\u00e1ria C\u00edntya Alves entregaram nesta sexta-feira, 29 de julho, material escolar e cart\u00f5es do Programa Bolsa Aux\u00edlio Perman\u00eancia para estudantes da rede p\u00fablica municipal.<\/p>\n<p>&nbsp;<\/p>\n<p>A solenidade realizada no gin\u00e1sio da sede da Secretaria Municipal de Educa\u00e7\u00e3o beneficia todos os 8.692 alunos e alunas da Semed Penedo com o kit escolar que inclui uma bolsa para as crian\u00e7as da Educa\u00e7\u00e3o Infantil.<\/p>\n<p>&nbsp;<\/p>\n<p>Os estudantes do Ensino Fundamental e da Educa\u00e7\u00e3o para Jovens e Adultos (EJA) tamb\u00e9m foram contemplados com material escolar, exceto a bolsa.<\/p>\n<p>&nbsp;<\/p>\n<p>A entrega foi prestigiada por servidores da Semed, secret\u00e1rios municipais e os vereadores Bili Marques, Rodrigo Regueira, Irm\u00e3o Jo\u00e3o, Val da Banana, Rog\u00e9rio dos Peixoto, Denys Reis e Roberto da Farm\u00e1cia.<\/p>\n<p>&nbsp;<\/p>\n<p><strong>Bolsa Aux\u00edlio Perman\u00eancia<\/strong><\/p>\n<p><a href=\"http:\/\/www.oparanews.com.br\/wp-content\/uploads\/2022\/07\/penedo-material-escolar-cartao-semed-foto-deywisson-duarte-12-696x464-1.jpeg\"><img loading=\"lazy\" decoding=\"async\" class=\"aligncenter size-full wp-image-24453\" src=\"http:\/\/www.oparanews.com.br\/wp-content\/uploads\/2022\/07\/penedo-material-escolar-cartao-semed-foto-deywisson-duarte-12-696x464-1.jpeg\" alt=\"\" width=\"696\" height=\"464\" srcset=\"https:\/\/www.oparanews.com.br\/wp-content\/uploads\/2022\/07\/penedo-material-escolar-cartao-semed-foto-deywisson-duarte-12-696x464-1.jpeg 696w, https:\/\/www.oparanews.com.br\/wp-content\/uploads\/2022\/07\/penedo-material-escolar-cartao-semed-foto-deywisson-duarte-12-696x464-1-300x200.jpeg 300w\" sizes=\"auto, (max-width: 696px) 100vw, 696px\" \/><\/a><\/p>\n<p>Al\u00e9m da entrega simb\u00f3lica do material que ser\u00e1 distribu\u00eddo integralmente nas escolas (veja cronograma inicial no final da not\u00edcia), o governo Ronaldo Lopes iniciou hoje a distribui\u00e7\u00e3o do cart\u00e3o do Bolsa Aux\u00edlio Perman\u00eancia.<\/p>\n<p>&nbsp;<\/p>\n<p>O programa de distribui\u00e7\u00e3o de renda para alunos e alunas da EJA ass\u00edduos \u00e0s aulas contempla inicialmente 460 estudantes, mas poder\u00e1 ser ampliado para mil benefici\u00e1rios com o refor\u00e7o de R$ 100,00 (cem reais) por m\u00eas, conforme anunciou Ronaldo Lopes.<\/p>\n<p>&nbsp;<\/p>\n<p>O agricultor Enoque Raimundo da Silva recebeu o cart\u00e3o do prefeito Ronaldo Lopes e da Secret\u00e1ria C\u00edntya Alves ao lado da diretora da Escola Municipal Hanna Bertholet, Elineide Batista.<\/p>\n<p>&nbsp;<\/p>\n<p>Aos 68 anos, Enoque foi localizado em sua casa, na comunidade Ch\u00e3 da Lagoa, durante busca ativa realizada pela Semed para incluir quem nunca esteve em uma escola ou abandonou os estudos.<\/p>\n<p>&nbsp;<\/p>\n<p>\u201cEu que mal sabia riscar meu nome, hoje j\u00e1 fa\u00e7o sem passar vergonha\u201d, disse Enoque durante a solenidade, confessando para a reportagem da Secom que tamb\u00e9m melhorou em \u2018fazer contas\u2019 e come\u00e7a a descobrir a leitura, ainda \u2018titubeando\u2019.<\/p>\n<p>&nbsp;<\/p>\n<p>\u201cEu sou muito grato pela oportunidade que estou recebendo agora. Nunca pensei que fosse aprender a ler e escrever com essa idade\u201d, revela o produtor de macaxeira que estuda em um dos anexos da Escola Hanna Bertholet, unidade com 204 matriculados na EJA.<\/p>\n<p>&nbsp;<\/p>\n<p>A amplia\u00e7\u00e3o da oferta do ensino \u00e9 prova do compromisso do governo Ronaldo Lopes com a popula\u00e7\u00e3o que mais precisa das a\u00e7\u00f5es do poder p\u00fablico, conforme destacou o vereador Rodrigo Regueira em seu pronunciamento.<\/p>\n<p>&nbsp;<\/p>\n<p>Para desbloquear o cart\u00e3o do Bolsa Aux\u00edlio Perman\u00eancia e ter acesso ao saldo\/extrato, o benefici\u00e1rio deve acessar o link da Sinconcard.<\/p>\n<p>&nbsp;<\/p>\n<p>Sobre a continuidade da entrega do material escolar, a Semed inicia o cronograma na pr\u00f3xima quarta-feira, 03 de agosto, na Escola Municipal Bar\u00e3o de Penedo.<\/p>\n<p>&nbsp;<\/p>\n<p>Na manh\u00e3 de quinta, 04, a entrega acontece na Escola Arlindo Ferreira e no per\u00edodo da tarde ser\u00e1 feita na Escola Manoel Tavares. Estudantes da Escola Josef Bergmann recebem seu kit na manh\u00e3 de sexta, 05, e os da Escola Helena de Oliveira no per\u00edodo da tarde.<\/p>\n<p>&nbsp;<\/p>\n<p>A Semed Penedo informa o calend\u00e1rios para as demais unidades ser\u00e1 informado posteriormente e que o pai ou respons\u00e1vel pelo estudante precisa apresentar comprovante de matr\u00edcula e o CPF ou RG para receber material escolar.<\/p>\n<p>&nbsp;<\/p>\n<p>&nbsp;<\/p>\n<p><strong>por Fernando Vin\u00edcius \u2013 Secom PMP<\/strong><\/p>\n<p>&nbsp;<\/p>\n","protected":false},"excerpt":{"rendered":"<p>O Prefeito Ronaldo Lopes e a Secret\u00e1ria C\u00edntya Alves entregaram nesta sexta-feira, 29 de julho, material escolar e cart\u00f5es do Programa Bolsa Aux\u00edlio Perman\u00eancia para estudantes da rede p\u00fablica municipal. &nbsp; A solenidade realizada no gin\u00e1sio da sede da Secretaria Municipal de Educa\u00e7\u00e3o beneficia todos os 8.692 alunos e alunas da Semed Penedo com o &hellip;<\/p>\n","protected":false},"author":2,"featured_media":24452,"comment_status":"open","ping_status":"open","sticky":false,"template":"","format":"standard","meta":{"_jetpack_memberships_contains_paid_content":false,"footnotes":""},"categories":[1,3],"tags":[],"class_list":["post-24451","post","type-post","status-publish","format-standard","has-post-thumbnail","hentry","category-destaque","category-penedo"],"jetpack_featured_media_url":"https:\/\/www.oparanews.com.br\/wp-content\/uploads\/2022\/07\/penedo-material-escolar-cartao-semed-foto-deywisson-duarte.jpeg","jetpack_sharing_enabled":true,"_links":{"self":[{"href":"https:\/\/www.oparanews.com.br\/index.php\/wp-json\/wp\/v2\/posts\/24451","targetHints":{"allow":["GET"]}}],"collection":[{"href":"https:\/\/www.oparanews.com.br\/index.php\/wp-json\/wp\/v2\/posts"}],"about":[{"href":"https:\/\/www.oparanews.com.br\/index.php\/wp-json\/wp\/v2\/types\/post"}],"author":[{"embeddable":true,"href":"https:\/\/www.oparanews.com.br\/index.php\/wp-json\/wp\/v2\/users\/2"}],"replies":[{"embeddable":true,"href":"https:\/\/www.oparanews.com.br\/index.php\/wp-json\/wp\/v2\/comments?post=24451"}],"version-history":[{"count":1,"href":"https:\/\/www.oparanews.com.br\/index.php\/wp-json\/wp\/v2\/posts\/24451\/revisions"}],"predecessor-version":[{"id":24454,"href":"https:\/\/www.oparanews.com.br\/index.php\/wp-json\/wp\/v2\/posts\/24451\/revisions\/24454"}],"wp:featuredmedia":[{"embeddable":true,"href":"https:\/\/www.oparanews.com.br\/index.php\/wp-json\/wp\/v2\/media\/24452"}],"wp:attachment":[{"href":"https:\/\/www.oparanews.com.br\/index.php\/wp-json\/wp\/v2\/media?parent=24451"}],"wp:term":[{"taxonomy":"category","embeddable":true,"href":"https:\/\/www.oparanews.com.br\/index.php\/wp-json\/wp\/v2\/categories?post=24451"},{"taxonomy":"post_tag","embeddable":true,"href":"https:\/\/www.oparanews.com.br\/index.php\/wp-json\/wp\/v2\/tags?post=24451"}],"curies":[{"name":"wp","href":"https:\/\/api.w.org\/{rel}","templated":true}]}}