{"id":24458,"date":"2022-07-30T18:34:36","date_gmt":"2022-07-30T21:34:36","guid":{"rendered":"https:\/\/www.oparanews.com.br\/?p=24458"},"modified":"2022-07-30T18:34:36","modified_gmt":"2022-07-30T21:34:36","slug":"edital-do-concurso-da-prefeitura-de-penedo-sera-retificado-para-adequacoes-a-legislacao","status":"publish","type":"post","link":"https:\/\/www.oparanews.com.br\/index.php\/2022\/07\/30\/edital-do-concurso-da-prefeitura-de-penedo-sera-retificado-para-adequacoes-a-legislacao\/","title":{"rendered":"Edital do concurso da Prefeitura de Penedo ser\u00e1 retificado para adequa\u00e7\u00f5es \u00e0 legisla\u00e7\u00e3o"},"content":{"rendered":"<p>A Funda\u00e7\u00e3o Universit\u00e1ria de Desenvolvimento de Extens\u00e3o e Pesquisa (Fundepes) e o N\u00facleo Executivo de Processos Seletivos da COPEVE\/UFAL est\u00e3o adequando o edital do concurso da Prefeitura de Penedo.<\/p>\n<p>&nbsp;<\/p>\n<p>Os ajustes \u00e0s leis do munic\u00edpio e ao que foi apontado pelo Minist\u00e9rio P\u00fablico Estadual foram aprovados pela Comiss\u00e3o Organizadora do certamente suspenso em fun\u00e7\u00e3o da pandemia de Covid-19.<\/p>\n<p>&nbsp;<\/p>\n<p>Entre os aspectos corrigidos est\u00e1 a revis\u00e3o do per\u00edodo estipulado para est\u00e1gio probat\u00f3rio dos aprovados, especificado em 2 anos no edital original, prazo que ser\u00e1 de 3 anos, conforme prev\u00ea o estatuto dos servidores do munic\u00edpio.<\/p>\n<p>&nbsp;<\/p>\n<p>Outra mudan\u00e7a diz respeito ao valor do sal\u00e1rio base para professores, c\u00e1lculo proporcional ao n\u00famero de horas\/aula que precisa ter como refer\u00eancia o piso nacional da categoria em vigor, aprovado este ano.<\/p>\n<p>&nbsp;<\/p>\n<p>O presidente da Comiss\u00e3o Organizadora do concurso p\u00fablico da Prefeitura de Penedo e Secret\u00e1rio Municipal de Planejamento e Gest\u00e3o, Luciano Lucena, ressalta ainda o ajuste na nomenclatura do cargo identificado como guarda municipal de tr\u00e2nsito.<\/p>\n<p>&nbsp;<\/p>\n<p>Considerando as diferen\u00e7as de atribui\u00e7\u00f5es entre guarda de tr\u00e2nsito e agente de tr\u00e2nsito, o edital que ser\u00e1 republicado ter\u00e1 a nomenclatura Agente Municipal de Tr\u00e2nsito.<\/p>\n<p>&nbsp;<\/p>\n<p>Para que esta mudan\u00e7a passe a vigorar, \u00e9 preciso alterar a legisla\u00e7\u00e3o por meio de projeto de lei que a Prefeitura de Penedo enviar\u00e1 para a C\u00e2mara de Vereadores na pr\u00f3xima semana.<\/p>\n<p>&nbsp;<\/p>\n<p>&nbsp;<\/p>\n<p>&nbsp;<\/p>\n<p><strong>Fonte: Assessoria<\/strong><\/p>\n<p>&nbsp;<\/p>\n","protected":false},"excerpt":{"rendered":"<p>A Funda\u00e7\u00e3o Universit\u00e1ria de Desenvolvimento de Extens\u00e3o e Pesquisa (Fundepes) e o N\u00facleo Executivo de Processos Seletivos da COPEVE\/UFAL est\u00e3o adequando o edital do concurso da Prefeitura de Penedo. &nbsp; Os ajustes \u00e0s leis do munic\u00edpio e ao que foi apontado pelo Minist\u00e9rio P\u00fablico Estadual foram aprovados pela Comiss\u00e3o Organizadora do certamente suspenso em fun\u00e7\u00e3o &hellip;<\/p>\n","protected":false},"author":2,"featured_media":24459,"comment_status":"open","ping_status":"open","sticky":false,"template":"","format":"standard","meta":{"_jetpack_memberships_contains_paid_content":false,"footnotes":""},"categories":[1,3],"tags":[],"class_list":["post-24458","post","type-post","status-publish","format-standard","has-post-thumbnail","hentry","category-destaque","category-penedo"],"jetpack_featured_media_url":"https:\/\/www.oparanews.com.br\/wp-content\/uploads\/2022\/07\/prefeitura-de-penedo-foto-decom-pmp.jpg","jetpack_sharing_enabled":true,"_links":{"self":[{"href":"https:\/\/www.oparanews.com.br\/index.php\/wp-json\/wp\/v2\/posts\/24458","targetHints":{"allow":["GET"]}}],"collection":[{"href":"https:\/\/www.oparanews.com.br\/index.php\/wp-json\/wp\/v2\/posts"}],"about":[{"href":"https:\/\/www.oparanews.com.br\/index.php\/wp-json\/wp\/v2\/types\/post"}],"author":[{"embeddable":true,"href":"https:\/\/www.oparanews.com.br\/index.php\/wp-json\/wp\/v2\/users\/2"}],"replies":[{"embeddable":true,"href":"https:\/\/www.oparanews.com.br\/index.php\/wp-json\/wp\/v2\/comments?post=24458"}],"version-history":[{"count":1,"href":"https:\/\/www.oparanews.com.br\/index.php\/wp-json\/wp\/v2\/posts\/24458\/revisions"}],"predecessor-version":[{"id":24460,"href":"https:\/\/www.oparanews.com.br\/index.php\/wp-json\/wp\/v2\/posts\/24458\/revisions\/24460"}],"wp:featuredmedia":[{"embeddable":true,"href":"https:\/\/www.oparanews.com.br\/index.php\/wp-json\/wp\/v2\/media\/24459"}],"wp:attachment":[{"href":"https:\/\/www.oparanews.com.br\/index.php\/wp-json\/wp\/v2\/media?parent=24458"}],"wp:term":[{"taxonomy":"category","embeddable":true,"href":"https:\/\/www.oparanews.com.br\/index.php\/wp-json\/wp\/v2\/categories?post=24458"},{"taxonomy":"post_tag","embeddable":true,"href":"https:\/\/www.oparanews.com.br\/index.php\/wp-json\/wp\/v2\/tags?post=24458"}],"curies":[{"name":"wp","href":"https:\/\/api.w.org\/{rel}","templated":true}]}}