{"id":24461,"date":"2022-07-30T18:39:18","date_gmt":"2022-07-30T21:39:18","guid":{"rendered":"https:\/\/www.oparanews.com.br\/?p=24461"},"modified":"2022-07-30T18:39:18","modified_gmt":"2022-07-30T21:39:18","slug":"variola-dos-macacos-dois-casos-suspeitos-sao-de-maceio-e-outros-dois-de-rio-largo","status":"publish","type":"post","link":"https:\/\/www.oparanews.com.br\/index.php\/2022\/07\/30\/variola-dos-macacos-dois-casos-suspeitos-sao-de-maceio-e-outros-dois-de-rio-largo\/","title":{"rendered":"Var\u00edola dos macacos: dois casos suspeitos s\u00e3o de Macei\u00f3 e outros dois de Rio Largo"},"content":{"rendered":"<p>A Secretaria do Estado da Sa\u00fade (Sesau) confirmou, nessa sexta-feira, que Alagoas notificou cinco casos suspeitos de Monkeypox, conhecida como Var\u00edola dos Macacos, at\u00e9 o dia 29 de julho de 2022. Dois deles s\u00e3o de moradores de Macei\u00f3, outros dois de Rio Largo, e o quinto caso, de Messias.<\/p>\n<p>&nbsp;<\/p>\n<p>O \u00f3rg\u00e3o destacou que um dos casos, proveniente de Messias, foi descartado ap\u00f3s exames laboratoriais. Os outros quatro, sendo dois de Macei\u00f3 e dois de Rio Largo, est\u00e3o sendo monitorados pelas Vigil\u00e2ncias Epidemiol\u00f3gicas dos munic\u00edpios de origem e permanecem sob isolamento domiciliar.<\/p>\n<p>&nbsp;<\/p>\n<p>A Sesau ressaltou que os quatro casos que permanecem em investiga\u00e7\u00e3o, tiveram material biol\u00f3gico coletado pelo Laborat\u00f3rio Central de Alagoas (Lacen\/AL) para exames de diagn\u00f3stico.<\/p>\n<p>&nbsp;<\/p>\n<p>Por fim, o Governo destacou que as an\u00e1lises ser\u00e3o realizadas pela Funda\u00e7\u00e3o Oswaldo Cruz (Fiocruz), no Rio de Janeiro, ainda sem data para divulga\u00e7\u00e3o dos resultados.<\/p>\n<p>&nbsp;<\/p>\n<p>&nbsp;<\/p>\n<p>&nbsp;<\/p>\n<p><strong>com Ascom Sesau<\/strong><\/p>\n<p>&nbsp;<\/p>\n","protected":false},"excerpt":{"rendered":"<p>A Secretaria do Estado da Sa\u00fade (Sesau) confirmou, nessa sexta-feira, que Alagoas notificou cinco casos suspeitos de Monkeypox, conhecida como Var\u00edola dos Macacos, at\u00e9 o dia 29 de julho de 2022. Dois deles s\u00e3o de moradores de Macei\u00f3, outros dois de Rio Largo, e o quinto caso, de Messias. &nbsp; O \u00f3rg\u00e3o destacou que um &hellip;<\/p>\n","protected":false},"author":2,"featured_media":24462,"comment_status":"open","ping_status":"open","sticky":false,"template":"","format":"standard","meta":{"_jetpack_memberships_contains_paid_content":false,"footnotes":""},"categories":[4],"tags":[],"class_list":["post-24461","post","type-post","status-publish","format-standard","has-post-thumbnail","hentry","category-alagoas"],"jetpack_featured_media_url":"https:\/\/www.oparanews.com.br\/wp-content\/uploads\/2022\/07\/csm_Goias-tem-primeiro-caso-suspeito-de-variola-dos-macacos-diz-Ministerio-da-Saude-600x400_b6a22a9934.jpg","jetpack_sharing_enabled":true,"_links":{"self":[{"href":"https:\/\/www.oparanews.com.br\/index.php\/wp-json\/wp\/v2\/posts\/24461","targetHints":{"allow":["GET"]}}],"collection":[{"href":"https:\/\/www.oparanews.com.br\/index.php\/wp-json\/wp\/v2\/posts"}],"about":[{"href":"https:\/\/www.oparanews.com.br\/index.php\/wp-json\/wp\/v2\/types\/post"}],"author":[{"embeddable":true,"href":"https:\/\/www.oparanews.com.br\/index.php\/wp-json\/wp\/v2\/users\/2"}],"replies":[{"embeddable":true,"href":"https:\/\/www.oparanews.com.br\/index.php\/wp-json\/wp\/v2\/comments?post=24461"}],"version-history":[{"count":1,"href":"https:\/\/www.oparanews.com.br\/index.php\/wp-json\/wp\/v2\/posts\/24461\/revisions"}],"predecessor-version":[{"id":24463,"href":"https:\/\/www.oparanews.com.br\/index.php\/wp-json\/wp\/v2\/posts\/24461\/revisions\/24463"}],"wp:featuredmedia":[{"embeddable":true,"href":"https:\/\/www.oparanews.com.br\/index.php\/wp-json\/wp\/v2\/media\/24462"}],"wp:attachment":[{"href":"https:\/\/www.oparanews.com.br\/index.php\/wp-json\/wp\/v2\/media?parent=24461"}],"wp:term":[{"taxonomy":"category","embeddable":true,"href":"https:\/\/www.oparanews.com.br\/index.php\/wp-json\/wp\/v2\/categories?post=24461"},{"taxonomy":"post_tag","embeddable":true,"href":"https:\/\/www.oparanews.com.br\/index.php\/wp-json\/wp\/v2\/tags?post=24461"}],"curies":[{"name":"wp","href":"https:\/\/api.w.org\/{rel}","templated":true}]}}