{"id":24472,"date":"2022-07-31T14:59:34","date_gmt":"2022-07-31T17:59:34","guid":{"rendered":"https:\/\/www.oparanews.com.br\/?p=24472"},"modified":"2022-07-31T14:59:34","modified_gmt":"2022-07-31T17:59:34","slug":"aumento-de-casos-de-variola-dos-macacos-comeca-a-sobrecarregar-laboratorios","status":"publish","type":"post","link":"https:\/\/www.oparanews.com.br\/index.php\/2022\/07\/31\/aumento-de-casos-de-variola-dos-macacos-comeca-a-sobrecarregar-laboratorios\/","title":{"rendered":"Aumento de casos de var\u00edola dos macacos come\u00e7a a sobrecarregar laborat\u00f3rios"},"content":{"rendered":"<p>O aumento de casos confirmados e suspeitos de var\u00edola dos macacos no pa\u00eds come\u00e7a a sobrecarregar laborat\u00f3rios referenciados para o diagn\u00f3stico da doen\u00e7a. Para evitar um descontrole sobre a dissemina\u00e7\u00e3o do v\u00edrus, eles pedem para que o Minist\u00e9rio da Sa\u00fade credencie mais locais para a testagem.<\/p>\n<p>&nbsp;<\/p>\n<p>Especialistas alertam que a baixa capacidade de testagem prejudica a identifica\u00e7\u00e3o dos casos e, consequentemente, o controle da dissemina\u00e7\u00e3o do v\u00edrus. Hoje, o pa\u00eds tem apenas quatro locais para an\u00e1lise de amostras suspeitas de var\u00edola dos macacos. Todos ficam no Sudeste. Fazem parte da rede de refer\u00eancia para diagn\u00f3stico o Instituto Adolfo Lutz (em S\u00e3o Paulo), o Instituto Oswaldo Cruz e a UFRJ (ambos no Rio de Janeiro) e a Funda\u00e7\u00e3o Ezequiel Dias (em Belo Horizonte).<\/p>\n<p>&nbsp;<\/p>\n<p>O Instituto Adolfo Lutz \u00e9 o que concentra a maior parte das an\u00e1lises. Segundo a Secretaria Estadual de Sa\u00fade, a unidade tem processado, em m\u00e9dia, 200 amostras por dia, sendo que 90% delas s\u00e3o liberadas em 24h.<\/p>\n<p>&nbsp;<\/p>\n<p>A reportagem apurou que o tempo para libera\u00e7\u00e3o dos resultados no instituto tem aumentado conforme cresce a demanda por testes. H\u00e1 algumas semanas, todas as amostras eram processadas em menos de um dia. Em nota, a secretaria disse que a unidade tem &#8220;plena capacidade de processamento das amostras&#8221;.<\/p>\n<p>&nbsp;<\/p>\n<p>Al\u00e9m do aumento de casos de var\u00edola dos macacos, o instituto tamb\u00e9m faz an\u00e1lise de exames de Covid, por isso, o risco de sobrecarga nas an\u00e1lises.<\/p>\n<p>&nbsp;<\/p>\n<p>Na \u00faltima quarta-feira (27), o instituto publicou uma portaria em que estabelece as normativas para o credenciamento de laborat\u00f3rios p\u00fablicos e privados do estado que queiram fazer o processamento das amostras de pacientes com suspeita da doen\u00e7a.<\/p>\n<p>&nbsp;<\/p>\n<p>&#8220;Os laborat\u00f3rios de refer\u00eancia est\u00e3o com um ac\u00famulo de demanda, porque est\u00e3o lidando com dois problemas de sa\u00fade p\u00fablica ao mesmo tempo: a Covid e monkeypox. Se n\u00e3o houver o reconhecimento do Minist\u00e9rio da Sa\u00fade para que outros laborat\u00f3rios fa\u00e7am a an\u00e1lise, pode haver um represamento dos dados&#8221;, diz o infectologista Marcos Boulos.<\/p>\n<p>&nbsp;<\/p>\n<p>Ele lembra que a sobrecarga dos laborat\u00f3rios de refer\u00eancia j\u00e1 ocorreu em outros momentos, por exemplo, em surtos de dengue. Nessas ocasi\u00f5es, outros laborat\u00f3rios foram credenciados para fazer a testagem e as unidades de refer\u00eancia passaram a fazer as an\u00e1lises apenas por amostragem.<\/p>\n<p>&nbsp;<\/p>\n<p>Clarissa Damaso, virologista da UFRJ (Universidade Federal do Rio de Janeiro), diz que a unidade tamb\u00e9m passou a sofrer uma sobrecarga nas \u00faltimas duas semanas. O laborat\u00f3rio tem processado cerca de 70 amostras por dia.<\/p>\n<p>&nbsp;<\/p>\n<p>&#8220;\u00c9 um volume alto para a nossa capacidade, j\u00e1 que n\u00e3o somos um laborat\u00f3rio de diagn\u00f3stico, mas de pesquisa&#8221;, diz. Ela tamb\u00e9m destaca a necessidade do credenciamento de mais unidades para a an\u00e1lise das amostras.<\/p>\n<p>&nbsp;<\/p>\n<p>Damaso tamb\u00e9m alerta para o risco da falta de reagentes utilizados para a testagem, j\u00e1 que o Brasil tem enfrentado h\u00e1 meses dificuldade para a importa\u00e7\u00e3o de insumos m\u00e9dicos.<\/p>\n<p>&nbsp;<\/p>\n<p>Segundo ela, alguns fabricantes t\u00eam dado prazo de at\u00e9 20 dias \u00fateis para a entrega de reagentes usados nos testes. &#8220;Al\u00e9m da capacita\u00e7\u00e3o de mais laborat\u00f3rios, o pa\u00eds pode enfrentar tamb\u00e9m a dificuldade para a compra de insumos para a testagem. Essa falta \u00e9 muito perigosa para o enfrentamento da doen\u00e7a.&#8221;<\/p>\n<p>&nbsp;<\/p>\n<p>O Brasil registrou nesta sexta-feira (29) a primeira morte por var\u00edola de macacos. Segundo o Minist\u00e9rio da Sa\u00fade, o pa\u00eds j\u00e1 tem 1.066 casos confirmados da doen\u00e7a. Em 9 de julho, eram 218.<\/p>\n<p>&nbsp;<\/p>\n<p>A doen\u00e7a foi classificada pela OMS (Organiza\u00e7\u00e3o Mundial da Sa\u00fade) como emerg\u00eancia p\u00fablica de preocupa\u00e7\u00e3o global. A entidade tamb\u00e9m j\u00e1 declarou que considera a situa\u00e7\u00e3o do Brasil para a doen\u00e7a como alarmante.<\/p>\n<p>&nbsp;<\/p>\n<p>Para especialistas, ainda que a var\u00edola dos macacos tenha uma capacidade de transmiss\u00e3o menor do que a Covid, seu controle depende do aumento e capilaridade da testagem no pa\u00eds.<\/p>\n<p>&nbsp;<\/p>\n<p>&#8220;S\u00e3o diversos os exemplos que nos mostram que ainda que a introdu\u00e7\u00e3o de doen\u00e7as ocorra possa se dar a partir de grandes centros urbanos, a interioriza\u00e7\u00e3o em algum momento inexoravelmente ocorre em alguma propor\u00e7\u00e3o. Foi assim com a Covid, possivelmente ser\u00e1 assim com monkeypox&#8221;, diz Rodrigo Angerami, infectologista do N\u00facleo de Vigil\u00e2ncia Epidemiol\u00f3gica do Hospital de Cl\u00ednicas da Unicamp.<\/p>\n<p>&nbsp;<\/p>\n<p>Questionado sobre o credenciamento de novos laborat\u00f3rios e a dificuldade para a compra de insumos para a testagem, o Minist\u00e9rio da Sa\u00fade n\u00e3o respondeu.<\/p>\n<p>&nbsp;<\/p>\n<p>&nbsp;<\/p>\n<p>&nbsp;<\/p>\n<p><strong>por Isabela Palhares \/ Folhapress<\/strong><\/p>\n<p>&nbsp;<\/p>\n","protected":false},"excerpt":{"rendered":"<p>O aumento de casos confirmados e suspeitos de var\u00edola dos macacos no pa\u00eds come\u00e7a a sobrecarregar laborat\u00f3rios referenciados para o diagn\u00f3stico da doen\u00e7a. Para evitar um descontrole sobre a dissemina\u00e7\u00e3o do v\u00edrus, eles pedem para que o Minist\u00e9rio da Sa\u00fade credencie mais locais para a testagem. &nbsp; Especialistas alertam que a baixa capacidade de testagem &hellip;<\/p>\n","protected":false},"author":2,"featured_media":24473,"comment_status":"open","ping_status":"open","sticky":false,"template":"","format":"standard","meta":{"_jetpack_memberships_contains_paid_content":false,"footnotes":""},"categories":[5],"tags":[],"class_list":["post-24472","post","type-post","status-publish","format-standard","has-post-thumbnail","hentry","category-brasil-mundo"],"jetpack_featured_media_url":"https:\/\/www.oparanews.com.br\/wp-content\/uploads\/2022\/07\/csm_csm_variola-do-macaco-europa-910x526_fd92b679dc_69c3f32677.jpg","jetpack_sharing_enabled":true,"_links":{"self":[{"href":"https:\/\/www.oparanews.com.br\/index.php\/wp-json\/wp\/v2\/posts\/24472","targetHints":{"allow":["GET"]}}],"collection":[{"href":"https:\/\/www.oparanews.com.br\/index.php\/wp-json\/wp\/v2\/posts"}],"about":[{"href":"https:\/\/www.oparanews.com.br\/index.php\/wp-json\/wp\/v2\/types\/post"}],"author":[{"embeddable":true,"href":"https:\/\/www.oparanews.com.br\/index.php\/wp-json\/wp\/v2\/users\/2"}],"replies":[{"embeddable":true,"href":"https:\/\/www.oparanews.com.br\/index.php\/wp-json\/wp\/v2\/comments?post=24472"}],"version-history":[{"count":1,"href":"https:\/\/www.oparanews.com.br\/index.php\/wp-json\/wp\/v2\/posts\/24472\/revisions"}],"predecessor-version":[{"id":24474,"href":"https:\/\/www.oparanews.com.br\/index.php\/wp-json\/wp\/v2\/posts\/24472\/revisions\/24474"}],"wp:featuredmedia":[{"embeddable":true,"href":"https:\/\/www.oparanews.com.br\/index.php\/wp-json\/wp\/v2\/media\/24473"}],"wp:attachment":[{"href":"https:\/\/www.oparanews.com.br\/index.php\/wp-json\/wp\/v2\/media?parent=24472"}],"wp:term":[{"taxonomy":"category","embeddable":true,"href":"https:\/\/www.oparanews.com.br\/index.php\/wp-json\/wp\/v2\/categories?post=24472"},{"taxonomy":"post_tag","embeddable":true,"href":"https:\/\/www.oparanews.com.br\/index.php\/wp-json\/wp\/v2\/tags?post=24472"}],"curies":[{"name":"wp","href":"https:\/\/api.w.org\/{rel}","templated":true}]}}