{"id":24485,"date":"2022-08-01T21:03:23","date_gmt":"2022-08-02T00:03:23","guid":{"rendered":"https:\/\/www.oparanews.com.br\/?p=24485"},"modified":"2022-08-01T21:03:23","modified_gmt":"2022-08-02T00:03:23","slug":"prefeitura-de-penedo-tem-novos-gestores-nas-pastas-de-educacao-e-agricultura","status":"publish","type":"post","link":"https:\/\/www.oparanews.com.br\/index.php\/2022\/08\/01\/prefeitura-de-penedo-tem-novos-gestores-nas-pastas-de-educacao-e-agricultura\/","title":{"rendered":"Prefeitura de Penedo tem novos gestores nas pastas de Educa\u00e7\u00e3o e Agricultura"},"content":{"rendered":"<p>O primeiro escal\u00e3o da Prefeitura de Penedo tem dois novos ocupantes, mudan\u00e7as oficializadas nesta segunda-feira, 01 de agosto.<\/p>\n<p>&nbsp;<\/p>\n<p>Para administrar interinamente a Secretaria Municipal de Educa\u00e7\u00e3o (Semed), o Prefeito Ronaldo Lopes nomeou o gestor da Secretaria Municipal de Planejamento e Gest\u00e3o, Luciano Lucena.<\/p>\n<p>&nbsp;<\/p>\n<p>A medida se faz necess\u00e1ria para a continuidade das a\u00e7\u00f5es na Semed. A pasta que era administrada por C\u00edntya Alves ficou com seu comando em aberto na tarde da \u00faltima sexta-feira, 29, quando ela informou sua sa\u00edda do cargo.<\/p>\n<p>&nbsp;<\/p>\n<p>Para a Secretaria Municipal de Abastecimento e Desenvolvimento Agr\u00edcola (Semada), Ronaldo Lopes nomeou o vereador Rog\u00e9rio dos Peixoto (Rog\u00e9rio Jos\u00e9 da Silva).<\/p>\n<p>&nbsp;<\/p>\n<p>Com a nomea\u00e7\u00e3o, o Secret\u00e1rio Messias da Fil\u00f3 (Manoel Messias Lima) reassume sua cadeira no Poder Legislativo Municipal.<\/p>\n<p>&nbsp;<\/p>\n<p><a href=\"https:\/\/penedo.al.gov.br\/wp-content\/uploads\/2022\/08\/PORTARIA-NOMEACAO-2022.08.01-ROGERIO-ass.pdf\"><strong>PORTARIA EXONERA\u00c7\u00c3O-2022.08.01-CINTIA ass PORTARIA EXONERA\u00c7\u00c3O-2022.08.01-MESSIAS ass PORTARIA NOMEA\u00c7\u00c3O-2022.08.01-LUCIANO ass PORTARIA NOMEA\u00c7\u00c3O-2022.08.01-ROG\u00c9RIO ass<\/strong><\/a><\/p>\n<p>&nbsp;<\/p>\n<p>&nbsp;<\/p>\n<p>&nbsp;<\/p>\n<p><strong>Fonte: Secom PMP<\/strong><\/p>\n<p>&nbsp;<\/p>\n","protected":false},"excerpt":{"rendered":"<p>O primeiro escal\u00e3o da Prefeitura de Penedo tem dois novos ocupantes, mudan\u00e7as oficializadas nesta segunda-feira, 01 de agosto. &nbsp; Para administrar interinamente a Secretaria Municipal de Educa\u00e7\u00e3o (Semed), o Prefeito Ronaldo Lopes nomeou o gestor da Secretaria Municipal de Planejamento e Gest\u00e3o, Luciano Lucena. &nbsp; A medida se faz necess\u00e1ria para a continuidade das a\u00e7\u00f5es &hellip;<\/p>\n","protected":false},"author":2,"featured_media":24486,"comment_status":"open","ping_status":"open","sticky":false,"template":"","format":"standard","meta":{"_jetpack_memberships_contains_paid_content":false,"footnotes":""},"categories":[1,3],"tags":[],"class_list":["post-24485","post","type-post","status-publish","format-standard","has-post-thumbnail","hentry","category-destaque","category-penedo"],"jetpack_featured_media_url":"https:\/\/www.oparanews.com.br\/wp-content\/uploads\/2022\/08\/prefeitura-de-penedo.jpg","jetpack_sharing_enabled":true,"_links":{"self":[{"href":"https:\/\/www.oparanews.com.br\/index.php\/wp-json\/wp\/v2\/posts\/24485","targetHints":{"allow":["GET"]}}],"collection":[{"href":"https:\/\/www.oparanews.com.br\/index.php\/wp-json\/wp\/v2\/posts"}],"about":[{"href":"https:\/\/www.oparanews.com.br\/index.php\/wp-json\/wp\/v2\/types\/post"}],"author":[{"embeddable":true,"href":"https:\/\/www.oparanews.com.br\/index.php\/wp-json\/wp\/v2\/users\/2"}],"replies":[{"embeddable":true,"href":"https:\/\/www.oparanews.com.br\/index.php\/wp-json\/wp\/v2\/comments?post=24485"}],"version-history":[{"count":1,"href":"https:\/\/www.oparanews.com.br\/index.php\/wp-json\/wp\/v2\/posts\/24485\/revisions"}],"predecessor-version":[{"id":24487,"href":"https:\/\/www.oparanews.com.br\/index.php\/wp-json\/wp\/v2\/posts\/24485\/revisions\/24487"}],"wp:featuredmedia":[{"embeddable":true,"href":"https:\/\/www.oparanews.com.br\/index.php\/wp-json\/wp\/v2\/media\/24486"}],"wp:attachment":[{"href":"https:\/\/www.oparanews.com.br\/index.php\/wp-json\/wp\/v2\/media?parent=24485"}],"wp:term":[{"taxonomy":"category","embeddable":true,"href":"https:\/\/www.oparanews.com.br\/index.php\/wp-json\/wp\/v2\/categories?post=24485"},{"taxonomy":"post_tag","embeddable":true,"href":"https:\/\/www.oparanews.com.br\/index.php\/wp-json\/wp\/v2\/tags?post=24485"}],"curies":[{"name":"wp","href":"https:\/\/api.w.org\/{rel}","templated":true}]}}