{"id":24530,"date":"2022-08-05T13:43:06","date_gmt":"2022-08-05T16:43:06","guid":{"rendered":"https:\/\/www.oparanews.com.br\/?p=24530"},"modified":"2022-08-05T13:43:06","modified_gmt":"2022-08-05T16:43:06","slug":"prefeitura-de-penedo-promove-dia-da-solidariedade-para-familias-carentes-na-proxima-segunda-08","status":"publish","type":"post","link":"https:\/\/www.oparanews.com.br\/index.php\/2022\/08\/05\/prefeitura-de-penedo-promove-dia-da-solidariedade-para-familias-carentes-na-proxima-segunda-08\/","title":{"rendered":"Prefeitura de Penedo promove Dia da Solidariedade para fam\u00edlias carentes na pr\u00f3xima segunda, 08"},"content":{"rendered":"<p>As fam\u00edlias em situa\u00e7\u00e3o de vulnerabilidade social inseridas em aux\u00edlios criados para as v\u00edtimas das chuvas em Penedo ser\u00e3o beneficiadas com o Dia da Solidariedade.<\/p>\n<p>&nbsp;<\/p>\n<p><a href=\"http:\/\/www.oparanews.com.br\/wp-content\/uploads\/2022\/08\/card-2.jpg\"><img loading=\"lazy\" decoding=\"async\" class=\"alignleft size-medium wp-image-24532\" src=\"http:\/\/www.oparanews.com.br\/wp-content\/uploads\/2022\/08\/card-2-300x300.jpg\" alt=\"\" width=\"300\" height=\"300\" srcset=\"https:\/\/www.oparanews.com.br\/wp-content\/uploads\/2022\/08\/card-2-300x300.jpg 300w, https:\/\/www.oparanews.com.br\/wp-content\/uploads\/2022\/08\/card-2-1024x1024.jpg 1024w, https:\/\/www.oparanews.com.br\/wp-content\/uploads\/2022\/08\/card-2-150x150.jpg 150w, https:\/\/www.oparanews.com.br\/wp-content\/uploads\/2022\/08\/card-2-768x768.jpg 768w, https:\/\/www.oparanews.com.br\/wp-content\/uploads\/2022\/08\/card-2.jpg 1080w\" sizes=\"auto, (max-width: 300px) 100vw, 300px\" \/><\/a>Por iniciativa do governo Ronaldo Lopes, as a\u00e7\u00f5es de ajuda humanit\u00e1ria ser\u00e3o ampliadas na pr\u00f3xima segunda-feira, 08, em parceria com os governos estadual e federal.<\/p>\n<p>&nbsp;<\/p>\n<p>O trabalho coletivo distribuir\u00e1 cesta b\u00e1sica de alimentos, itens de limpeza e colch\u00f5es.<\/p>\n<p>&nbsp;<\/p>\n<p>A entrega acontecer\u00e1 nos gin\u00e1sios poliesportivos Padre Manoel Vieira e das escolas Ernani M\u00e9ro e Comendador Jos\u00e9 da Silva Peixoto, mediante apresenta\u00e7\u00e3o do t\u00edquete que as pessoas previamente cadastradas podem retirar nesta sexta-feira, 05, e amanh\u00e3.<\/p>\n<p>&nbsp;<\/p>\n<p><strong>Retirada do t\u00edquete<\/strong><\/p>\n<p>&nbsp;<\/p>\n<p>Quem j\u00e1 est\u00e1 inserido nos crit\u00e9rios da Defesa Civil e reside nas localidades Jatob\u00e1, Areial, Nossa Senhora de F\u00e1tima (Cor\u00e9ia), Centro e Senhor do Bonfim (Oiteiro), deve se dirigira ao CRAS do Oiteiro para pegar sua credencial.<\/p>\n<p>&nbsp;<\/p>\n<p>Para as pessoas cadastradas e residentes no bairro Santo Ant\u00f4nio (Barro Vermelho), o t\u00edquete para receber a ajuda humanit\u00e1ria est\u00e1 dispon\u00edvel no CRAS do Barro Vermelho.<\/p>\n<p>&nbsp;<\/p>\n<p>Quem tem direito aos benef\u00edcios e mora na Santa Luzia (Barro Duro), Dom Constantino, Santa Izabel (Matadouro), Vila Matias e Santa Cec\u00edlia (Cacimbinhas) recebe no antigo pr\u00e9dio da Unidade Senai, pr\u00f3ximo da Trevo da Toca do \u00cdndio.<\/p>\n<p>&nbsp;<\/p>\n<p>Todos esses locais funcionam neste s\u00e1bado, 06, no hor\u00e1rio entre 8h e 17 horas. Quem n\u00e3o puder pegar hoje ou amanh\u00e3, receber\u00e1 no local do Dia da Solidariedade.<\/p>\n<p>&nbsp;<\/p>\n<p><strong>Arena de Servi\u00e7os<\/strong><\/p>\n<p>&nbsp;<\/p>\n<p>Al\u00e9m do refor\u00e7o na ajuda humanit\u00e1ria para v\u00edtimas das chuvas, o Dia da Solidariedade contar\u00e1 com emiss\u00e3o gratuita de documentos e distribui\u00e7\u00e3o de enxoval para as gestantes inseridas no Programa CRIA.<\/p>\n<p>&nbsp;<\/p>\n<p>O Dia da Solidariedade tamb\u00e9m vai ofertar acesso ao Cadastro \u00danico, emiss\u00e3o da carteira de trabalho (CTPS), emiss\u00e3o RG (1\u00aa e 2\u00aa via), consulta de CPF e emiss\u00e3o de 2\u00aa via, consulta de certid\u00e3o nada consta e atendimento da Equatorial para cadastro na tarifa social e negocia\u00e7\u00e3o de d\u00edvida.<\/p>\n<p>&nbsp;<\/p>\n<p>A recep\u00e7\u00e3o ao p\u00fablico acontece no gin\u00e1sio Padre Manoel Vieira, onde a banda Cazuadinha apresenta seu show, uma das atra\u00e7\u00f5es para o entretenimento da crian\u00e7ada.<\/p>\n<p>&nbsp;<\/p>\n<p>&nbsp;<\/p>\n<p>&nbsp;<\/p>\n<p><strong>Fonte: Secom PMP<\/strong><\/p>\n<p>&nbsp;<\/p>\n","protected":false},"excerpt":{"rendered":"<p>As fam\u00edlias em situa\u00e7\u00e3o de vulnerabilidade social inseridas em aux\u00edlios criados para as v\u00edtimas das chuvas em Penedo ser\u00e3o beneficiadas com o Dia da Solidariedade. &nbsp; Por iniciativa do governo Ronaldo Lopes, as a\u00e7\u00f5es de ajuda humanit\u00e1ria ser\u00e3o ampliadas na pr\u00f3xima segunda-feira, 08, em parceria com os governos estadual e federal. &nbsp; O trabalho coletivo &hellip;<\/p>\n","protected":false},"author":2,"featured_media":24531,"comment_status":"open","ping_status":"open","sticky":false,"template":"","format":"standard","meta":{"_jetpack_memberships_contains_paid_content":false,"footnotes":""},"categories":[1,3],"tags":[],"class_list":["post-24530","post","type-post","status-publish","format-standard","has-post-thumbnail","hentry","category-destaque","category-penedo"],"jetpack_featured_media_url":"https:\/\/www.oparanews.com.br\/wp-content\/uploads\/2022\/08\/ajuda-humanitaria-penedo-4-696x522-1.jpeg","jetpack_sharing_enabled":true,"_links":{"self":[{"href":"https:\/\/www.oparanews.com.br\/index.php\/wp-json\/wp\/v2\/posts\/24530","targetHints":{"allow":["GET"]}}],"collection":[{"href":"https:\/\/www.oparanews.com.br\/index.php\/wp-json\/wp\/v2\/posts"}],"about":[{"href":"https:\/\/www.oparanews.com.br\/index.php\/wp-json\/wp\/v2\/types\/post"}],"author":[{"embeddable":true,"href":"https:\/\/www.oparanews.com.br\/index.php\/wp-json\/wp\/v2\/users\/2"}],"replies":[{"embeddable":true,"href":"https:\/\/www.oparanews.com.br\/index.php\/wp-json\/wp\/v2\/comments?post=24530"}],"version-history":[{"count":1,"href":"https:\/\/www.oparanews.com.br\/index.php\/wp-json\/wp\/v2\/posts\/24530\/revisions"}],"predecessor-version":[{"id":24533,"href":"https:\/\/www.oparanews.com.br\/index.php\/wp-json\/wp\/v2\/posts\/24530\/revisions\/24533"}],"wp:featuredmedia":[{"embeddable":true,"href":"https:\/\/www.oparanews.com.br\/index.php\/wp-json\/wp\/v2\/media\/24531"}],"wp:attachment":[{"href":"https:\/\/www.oparanews.com.br\/index.php\/wp-json\/wp\/v2\/media?parent=24530"}],"wp:term":[{"taxonomy":"category","embeddable":true,"href":"https:\/\/www.oparanews.com.br\/index.php\/wp-json\/wp\/v2\/categories?post=24530"},{"taxonomy":"post_tag","embeddable":true,"href":"https:\/\/www.oparanews.com.br\/index.php\/wp-json\/wp\/v2\/tags?post=24530"}],"curies":[{"name":"wp","href":"https:\/\/api.w.org\/{rel}","templated":true}]}}