{"id":24558,"date":"2022-08-07T10:51:52","date_gmt":"2022-08-07T13:51:52","guid":{"rendered":"https:\/\/www.oparanews.com.br\/?p=24558"},"modified":"2022-08-07T10:51:52","modified_gmt":"2022-08-07T13:51:52","slug":"vereador-rodrigo-regueira-requer-reativacao-da-coordenacao-lgbtqia-em-penedo","status":"publish","type":"post","link":"https:\/\/www.oparanews.com.br\/index.php\/2022\/08\/07\/vereador-rodrigo-regueira-requer-reativacao-da-coordenacao-lgbtqia-em-penedo\/","title":{"rendered":"Vereador Rodrigo Regueira requer reativa\u00e7\u00e3o da Coordena\u00e7\u00e3o LGBTQIA+ em Penedo"},"content":{"rendered":"<p>Na \u00faltima sess\u00e3o ordin\u00e1ria na C\u00e2mara Municipal de Penedo, no dia 04 de agosto, o vereador Rodrigo Regueira apresentou dois requerimentos. O primeiro requerimento solicita do prefeito Ronaldo Lopes a reativa\u00e7\u00e3o da Coordena\u00e7\u00e3o LGBTQIA+, garantindo assim uma maior representatividade desse movimento que tanto luta pela igualdade social.<\/p>\n<p>&nbsp;<\/p>\n<p>O segundo requerimento apresentado pelo vereador se refere a instala\u00e7\u00e3o de tendas no estacionamento da Prainha para amparar os barraqueiros, j\u00e1 que ter\u00e3o suas instala\u00e7\u00f5es demolidas e precisam continuar trabalhando para manter o sustento de suas fam\u00edlias.<\/p>\n<p>&nbsp;<\/p>\n<p>&nbsp;<\/p>\n<p><strong>por Walberth Lima com Assessoria<\/strong><\/p>\n<p>&nbsp;<\/p>\n","protected":false},"excerpt":{"rendered":"<p>Na \u00faltima sess\u00e3o ordin\u00e1ria na C\u00e2mara Municipal de Penedo, no dia 04 de agosto, o vereador Rodrigo Regueira apresentou dois requerimentos. O primeiro requerimento solicita do prefeito Ronaldo Lopes a reativa\u00e7\u00e3o da Coordena\u00e7\u00e3o LGBTQIA+, garantindo assim uma maior representatividade desse movimento que tanto luta pela igualdade social. &nbsp; O segundo requerimento apresentado pelo vereador se &hellip;<\/p>\n","protected":false},"author":2,"featured_media":24559,"comment_status":"open","ping_status":"open","sticky":false,"template":"","format":"standard","meta":{"_jetpack_memberships_contains_paid_content":false,"footnotes":""},"categories":[1,3],"tags":[],"class_list":["post-24558","post","type-post","status-publish","format-standard","has-post-thumbnail","hentry","category-destaque","category-penedo"],"jetpack_featured_media_url":"https:\/\/www.oparanews.com.br\/wp-content\/uploads\/2022\/08\/sessao_2021_-97-scaled-1.jpg","jetpack_sharing_enabled":true,"_links":{"self":[{"href":"https:\/\/www.oparanews.com.br\/index.php\/wp-json\/wp\/v2\/posts\/24558","targetHints":{"allow":["GET"]}}],"collection":[{"href":"https:\/\/www.oparanews.com.br\/index.php\/wp-json\/wp\/v2\/posts"}],"about":[{"href":"https:\/\/www.oparanews.com.br\/index.php\/wp-json\/wp\/v2\/types\/post"}],"author":[{"embeddable":true,"href":"https:\/\/www.oparanews.com.br\/index.php\/wp-json\/wp\/v2\/users\/2"}],"replies":[{"embeddable":true,"href":"https:\/\/www.oparanews.com.br\/index.php\/wp-json\/wp\/v2\/comments?post=24558"}],"version-history":[{"count":1,"href":"https:\/\/www.oparanews.com.br\/index.php\/wp-json\/wp\/v2\/posts\/24558\/revisions"}],"predecessor-version":[{"id":24560,"href":"https:\/\/www.oparanews.com.br\/index.php\/wp-json\/wp\/v2\/posts\/24558\/revisions\/24560"}],"wp:featuredmedia":[{"embeddable":true,"href":"https:\/\/www.oparanews.com.br\/index.php\/wp-json\/wp\/v2\/media\/24559"}],"wp:attachment":[{"href":"https:\/\/www.oparanews.com.br\/index.php\/wp-json\/wp\/v2\/media?parent=24558"}],"wp:term":[{"taxonomy":"category","embeddable":true,"href":"https:\/\/www.oparanews.com.br\/index.php\/wp-json\/wp\/v2\/categories?post=24558"},{"taxonomy":"post_tag","embeddable":true,"href":"https:\/\/www.oparanews.com.br\/index.php\/wp-json\/wp\/v2\/tags?post=24558"}],"curies":[{"name":"wp","href":"https:\/\/api.w.org\/{rel}","templated":true}]}}