{"id":24567,"date":"2022-08-08T21:30:30","date_gmt":"2022-08-09T00:30:30","guid":{"rendered":"https:\/\/www.oparanews.com.br\/?p=24567"},"modified":"2022-08-08T21:30:30","modified_gmt":"2022-08-09T00:30:30","slug":"sems-penedo-informa-sobre-caso-suspeito-de-variola-dos-macacos","status":"publish","type":"post","link":"https:\/\/www.oparanews.com.br\/index.php\/2022\/08\/08\/sems-penedo-informa-sobre-caso-suspeito-de-variola-dos-macacos\/","title":{"rendered":"SEMS Penedo informa sobre caso suspeito de var\u00edola dos macacos"},"content":{"rendered":"<p>Sobre o caso suspeito de var\u00edola dos macacos, a Secretaria Municipal de Sa\u00fade \u2013 SEMS informa todo o protocolo relacionado ao um paciente atendido na UPA de Penedo.<\/p>\n<p>&nbsp;<\/p>\n<p>Trata-se de uma pessoa do sexo masculino e 19 anos de idade que residia desde mar\u00e7o de 2020 no munic\u00edpio de Maca\u00e9, estado do Rio de Janeiro, onde come\u00e7ou a apresentar sintomas relacionados \u00e0 var\u00edola dos macacos e retornou para Penedo a aproximadamente 15 dias.<\/p>\n<p>&nbsp;<\/p>\n<p>Ele teve febre de in\u00edcio s\u00fabito, perda ponderal de aproximadamente 20 kg, adenomegalia, erup\u00e7\u00e3o cut\u00e2nea, cefaleia, astenia\/fraqueza, dor de garganta e artralgia.<\/p>\n<p>&nbsp;<\/p>\n<p>Na quinta-feira, 04 de agosto, o paciente ainda apresentava erup\u00e7\u00f5es cut\u00e2neas e artralgia, sendo submetido a exames preliminares para descartar outras infec\u00e7\u00f5es com os sintomas semelhantes.<\/p>\n<p>&nbsp;<\/p>\n<p>O paciente foi encaminhado para a UPA onde permaneceu em isolamento, aguardando regula\u00e7\u00e3o para ser transferido para o Hospital de Doen\u00e7as Tropicais (HDT), em Macei\u00f3, para onde foi transferido na sexta-feira, 05, \u00e0s 07h30.<\/p>\n<p>&nbsp;<\/p>\n<p>No HDT, ele recebeu atendimento m\u00e9dico e passou por coleta de material para a confirmar ou descartar a doen\u00e7a, sendo liberado para casa, onde est\u00e1 em isolamento domiciliar por 21 dias. Os familiares tamb\u00e9m ser\u00e3o monitorado e n\u00e3o precisam de isolamento.<\/p>\n<p>&nbsp;<\/p>\n<p>Vale ainda ressaltar que a Vigil\u00e2ncia em Sa\u00fade da SEMS foi informada sobre o caso suspeito na tarde de 04 de agosto, \u00e0s 16h10. Cumpridos os procedimentos de praxe, o CIEVS da Sesau Alagoas foi comunicado sobre o caso \u00e0s 17h50.<\/p>\n<p>&nbsp;<\/p>\n<p>Segundo o Secret\u00e1rio Epit\u00e1cio Correia, a pasta que administra est\u00e1 implementando a estrat\u00e9gia para atender as especificidades da doen\u00e7a.<\/p>\n<p>&nbsp;<\/p>\n<p><strong>SINTOMAS E PREVEN\u00c7\u00c3O<\/strong><\/p>\n<p>&nbsp;<\/p>\n<p>A transmiss\u00e3o da var\u00edola ocorre por contato direto com les\u00f5es, fluidos corporais, got\u00edculas respirat\u00f3rias e materiais contaminados do paciente, como roupas de cama, e costuma gerar os seguintes sintomas iniciais:<\/p>\n<p>&nbsp;<\/p>\n<ul>\n<li>febre;<\/li>\n<li>dor de cabe\u00e7a;<\/li>\n<li>dores musculares;<\/li>\n<li>dor nas costas;<\/li>\n<li>g\u00e2nglios (linfonodos) inchados;<\/li>\n<li>calafrios;<\/li>\n<li>exaust\u00e3o.<\/li>\n<li><\/li>\n<\/ul>\n<p>Dentro de 1 a 3 dias (\u00e0s vezes mais) ap\u00f3s o aparecimento da febre, o paciente desenvolve uma erup\u00e7\u00e3o cut\u00e2nea, geralmente come\u00e7ando no rosto e se espalhando para outras partes do corpo.<\/p>\n<p>&nbsp;<\/p>\n<p>De acordo com o Minist\u00e9rio da Sa\u00fade, as pessoas com sintomas da doen\u00e7a devem procurar atendimento m\u00e9dico caso apresentem algum sintoma suspeito, e emitiu as seguintes recomenda\u00e7\u00f5es:<\/p>\n<p>&nbsp;<\/p>\n<ul>\n<li>Mantenham uso de m\u00e1scaras, principalmente em ambientes com indiv\u00edduos potencialmente contaminados com o v\u00edrus;<\/li>\n<li>Afastem-se de pessoas que apresentem sintomas suspeitos como febre e les\u00f5es de pele-mucosa (erup\u00e7\u00e3o cut\u00e2nea, que habitualmente afeta o rosto e as extremidades e evolui de m\u00e1culas para p\u00e1pulas, ves\u00edculas, p\u00fastulas e posteriormente crostas);<\/li>\n<li>Usem preservativo em todos os tipos de rela\u00e7\u00f5es sexuais (oral, vaginal, anal) uma vez que a transmiss\u00e3o pelo contato \u00edntimo tem sido a mais frequente;<\/li>\n<li>Estejam alertas para observar se sua parceria sexual apresenta alguma les\u00e3o na \u00e1rea genital e, se presente, n\u00e3o tenham contato;<\/li>\n<li>Procurem assist\u00eancia m\u00e9dica, caso apresentem algum sintoma suspeito, para que se estabele\u00e7a diagn\u00f3stico cl\u00ednico e, eventualmente, laboratorial.<\/li>\n<\/ul>\n<p>&nbsp;<\/p>\n<p>&nbsp;<\/p>\n<p>&nbsp;<\/p>\n<p><strong>Fonte: Secom PMP com Assesoria SEMS<\/strong><\/p>\n<p>&nbsp;<\/p>\n","protected":false},"excerpt":{"rendered":"<p>Sobre o caso suspeito de var\u00edola dos macacos, a Secretaria Municipal de Sa\u00fade \u2013 SEMS informa todo o protocolo relacionado ao um paciente atendido na UPA de Penedo. &nbsp; Trata-se de uma pessoa do sexo masculino e 19 anos de idade que residia desde mar\u00e7o de 2020 no munic\u00edpio de Maca\u00e9, estado do Rio de &hellip;<\/p>\n","protected":false},"author":2,"featured_media":24568,"comment_status":"open","ping_status":"open","sticky":false,"template":"","format":"standard","meta":{"_jetpack_memberships_contains_paid_content":false,"footnotes":""},"categories":[1,3],"tags":[],"class_list":["post-24567","post","type-post","status-publish","format-standard","has-post-thumbnail","hentry","category-destaque","category-penedo"],"jetpack_featured_media_url":"https:\/\/www.oparanews.com.br\/wp-content\/uploads\/2022\/08\/nota_oficial.jpg","jetpack_sharing_enabled":true,"_links":{"self":[{"href":"https:\/\/www.oparanews.com.br\/index.php\/wp-json\/wp\/v2\/posts\/24567","targetHints":{"allow":["GET"]}}],"collection":[{"href":"https:\/\/www.oparanews.com.br\/index.php\/wp-json\/wp\/v2\/posts"}],"about":[{"href":"https:\/\/www.oparanews.com.br\/index.php\/wp-json\/wp\/v2\/types\/post"}],"author":[{"embeddable":true,"href":"https:\/\/www.oparanews.com.br\/index.php\/wp-json\/wp\/v2\/users\/2"}],"replies":[{"embeddable":true,"href":"https:\/\/www.oparanews.com.br\/index.php\/wp-json\/wp\/v2\/comments?post=24567"}],"version-history":[{"count":1,"href":"https:\/\/www.oparanews.com.br\/index.php\/wp-json\/wp\/v2\/posts\/24567\/revisions"}],"predecessor-version":[{"id":24569,"href":"https:\/\/www.oparanews.com.br\/index.php\/wp-json\/wp\/v2\/posts\/24567\/revisions\/24569"}],"wp:featuredmedia":[{"embeddable":true,"href":"https:\/\/www.oparanews.com.br\/index.php\/wp-json\/wp\/v2\/media\/24568"}],"wp:attachment":[{"href":"https:\/\/www.oparanews.com.br\/index.php\/wp-json\/wp\/v2\/media?parent=24567"}],"wp:term":[{"taxonomy":"category","embeddable":true,"href":"https:\/\/www.oparanews.com.br\/index.php\/wp-json\/wp\/v2\/categories?post=24567"},{"taxonomy":"post_tag","embeddable":true,"href":"https:\/\/www.oparanews.com.br\/index.php\/wp-json\/wp\/v2\/tags?post=24567"}],"curies":[{"name":"wp","href":"https:\/\/api.w.org\/{rel}","templated":true}]}}