{"id":24570,"date":"2022-08-08T21:41:51","date_gmt":"2022-08-09T00:41:51","guid":{"rendered":"https:\/\/www.oparanews.com.br\/?p=24570"},"modified":"2022-08-08T21:41:51","modified_gmt":"2022-08-09T00:41:51","slug":"dia-da-solidariedade-beneficia-milhares-de-pessoas-em-penedo","status":"publish","type":"post","link":"https:\/\/www.oparanews.com.br\/index.php\/2022\/08\/08\/dia-da-solidariedade-beneficia-milhares-de-pessoas-em-penedo\/","title":{"rendered":"Dia da Solidariedade beneficia milhares de pessoas em Penedo"},"content":{"rendered":"<p>Milhares de pessoas carentes foram beneficiadas nesta segunda-feira, 08, com o Dia da Solidariedade, um grande mutir\u00e3o de servi\u00e7os sociais e entregas de donativos.<\/p>\n<p><a href=\"http:\/\/www.oparanews.com.br\/wp-content\/uploads\/2022\/08\/dia-da-solidariedade-penedo.jpeg\"><img loading=\"lazy\" decoding=\"async\" class=\"aligncenter size-full wp-image-24579\" src=\"http:\/\/www.oparanews.com.br\/wp-content\/uploads\/2022\/08\/dia-da-solidariedade-penedo.jpeg\" alt=\"\" width=\"800\" height=\"666\" srcset=\"https:\/\/www.oparanews.com.br\/wp-content\/uploads\/2022\/08\/dia-da-solidariedade-penedo.jpeg 800w, https:\/\/www.oparanews.com.br\/wp-content\/uploads\/2022\/08\/dia-da-solidariedade-penedo-300x250.jpeg 300w, https:\/\/www.oparanews.com.br\/wp-content\/uploads\/2022\/08\/dia-da-solidariedade-penedo-768x639.jpeg 768w\" sizes=\"auto, (max-width: 800px) 100vw, 800px\" \/><\/a><\/p>\n<p>O trabalho organizado pela Prefeitura de Penedo, em parceria com os governos estadual e federal, atendeu fam\u00edlias diretamente afetadas pelas fortes chuvas e tamb\u00e9m promoveu o acesso \u00e0 emiss\u00e3o gratuita de documentos para o p\u00fablico em geral.<\/p>\n<p>&nbsp;<\/p>\n<p>Enquanto aguardavam a entrega do kit dormit\u00f3rio (colch\u00e3o, travesseiro, len\u00e7ol e fronha), da cesta b\u00e1sica e dos itens de limpeza, a popula\u00e7\u00e3o penedense atendida no Dia da Solidariedade foi presenteada com um show da Banda Cazuadinha.<\/p>\n<p>&nbsp;<\/p>\n<p>O entretenimento foi viabilizado por meio da Secretaria Municipal de Cultura, uma das pastas diretamente envolvidas no mutir\u00e3o que mobilizou diversos setores do governo Ronaldo Lopes.<\/p>\n<p>&nbsp;<\/p>\n<p>O Prefeito de Penedo reafirmou seu compromisso com a popula\u00e7\u00e3o mais necessitada. \u201cO nosso apoio para voc\u00eas n\u00e3o termina por aqui, n\u00f3s vamos continuar atendendo a nossa popula\u00e7\u00e3o com outras a\u00e7\u00f5es\u201d, disse Ronaldo Lopes, citando os investimentos em pavimenta\u00e7\u00e3o e drenagem e de melhorias habitacionais nos bairros de baixa renda.<\/p>\n<p>&nbsp;<\/p>\n<p>Acompanhado pela primeira-dama de Alagoas, Mariana Dantas, e comitiva formada por secret\u00e1rios municipais, estaduais e vereadores, Ronaldo recebeu o carinho dos penedenses durante a maior a\u00e7\u00e3o j\u00e1 realizada em Penedo para fam\u00edlias em situa\u00e7\u00e3o de vulnerabilidade social.<\/p>\n<p>&nbsp;<\/p>\n<p>A assist\u00eancia que ocorre de forma regular, por meio da Secretaria Municipal de Desenvolvimento Social, foi ampliada neste in\u00edcio de semana com a distribui\u00e7\u00e3o da ajuda humanit\u00e1ria viabilizada pela Defesa Civil.<\/p>\n<p>&nbsp;<\/p>\n<p>Gestantes atendidas pelo CRIA receberam enxovais para beb\u00ea enquanto crian\u00e7as brincavam no espa\u00e7o l\u00fadico na tenda onde a banda da Pol\u00edcia Militar de Alagoas fez sua apresenta\u00e7\u00e3o.<\/p>\n<p>&nbsp;<\/p>\n<p>Rafael Ferreira, gestor da SEMDSH, informa que a entrega dos donativos para fam\u00edlias da zona rural ser\u00e1 realizada ao longo da semana, mais uma a\u00e7\u00e3o do poder p\u00fablico chegando, de fato, para os mais necessitados em Penedo.<\/p>\n<p>&nbsp;<\/p>\n<p>&nbsp;<\/p>\n<p>&nbsp;<\/p>\n<p><strong>por Fernando Vin\u00edcius &#8211; Secom PMP<\/strong><\/p>\n<p>&nbsp;<\/p>\n<p><a href=\"http:\/\/www.oparanews.com.br\/wp-content\/uploads\/2022\/08\/dia-da-solidariedade-penedo-28-1068x712-1.jpeg\"><img loading=\"lazy\" decoding=\"async\" class=\"alignleft size-medium wp-image-24578\" src=\"http:\/\/www.oparanews.com.br\/wp-content\/uploads\/2022\/08\/dia-da-solidariedade-penedo-28-1068x712-1-300x200.jpeg\" alt=\"\" width=\"300\" height=\"200\" srcset=\"https:\/\/www.oparanews.com.br\/wp-content\/uploads\/2022\/08\/dia-da-solidariedade-penedo-28-1068x712-1-300x200.jpeg 300w, https:\/\/www.oparanews.com.br\/wp-content\/uploads\/2022\/08\/dia-da-solidariedade-penedo-28-1068x712-1-1024x683.jpeg 1024w, https:\/\/www.oparanews.com.br\/wp-content\/uploads\/2022\/08\/dia-da-solidariedade-penedo-28-1068x712-1-768x512.jpeg 768w, https:\/\/www.oparanews.com.br\/wp-content\/uploads\/2022\/08\/dia-da-solidariedade-penedo-28-1068x712-1.jpeg 1068w\" sizes=\"auto, (max-width: 300px) 100vw, 300px\" \/><\/a> <a href=\"http:\/\/www.oparanews.com.br\/wp-content\/uploads\/2022\/08\/dia-da-solidariedade-penedo-26-1068x712-1.jpeg\"><img loading=\"lazy\" decoding=\"async\" class=\"alignleft size-medium wp-image-24577\" src=\"http:\/\/www.oparanews.com.br\/wp-content\/uploads\/2022\/08\/dia-da-solidariedade-penedo-26-1068x712-1-300x200.jpeg\" alt=\"\" width=\"300\" height=\"200\" srcset=\"https:\/\/www.oparanews.com.br\/wp-content\/uploads\/2022\/08\/dia-da-solidariedade-penedo-26-1068x712-1-300x200.jpeg 300w, https:\/\/www.oparanews.com.br\/wp-content\/uploads\/2022\/08\/dia-da-solidariedade-penedo-26-1068x712-1-1024x683.jpeg 1024w, https:\/\/www.oparanews.com.br\/wp-content\/uploads\/2022\/08\/dia-da-solidariedade-penedo-26-1068x712-1-768x512.jpeg 768w, https:\/\/www.oparanews.com.br\/wp-content\/uploads\/2022\/08\/dia-da-solidariedade-penedo-26-1068x712-1.jpeg 1068w\" sizes=\"auto, (max-width: 300px) 100vw, 300px\" \/><\/a> <a href=\"http:\/\/www.oparanews.com.br\/wp-content\/uploads\/2022\/08\/dia-da-solidariedade-penedo-20.jpeg\"><img loading=\"lazy\" decoding=\"async\" class=\"alignleft size-medium wp-image-24575\" src=\"http:\/\/www.oparanews.com.br\/wp-content\/uploads\/2022\/08\/dia-da-solidariedade-penedo-20-300x200.jpeg\" alt=\"\" width=\"300\" height=\"200\" srcset=\"https:\/\/www.oparanews.com.br\/wp-content\/uploads\/2022\/08\/dia-da-solidariedade-penedo-20-300x200.jpeg 300w, https:\/\/www.oparanews.com.br\/wp-content\/uploads\/2022\/08\/dia-da-solidariedade-penedo-20-768x511.jpeg 768w, https:\/\/www.oparanews.com.br\/wp-content\/uploads\/2022\/08\/dia-da-solidariedade-penedo-20.jpeg 1000w\" sizes=\"auto, (max-width: 300px) 100vw, 300px\" \/><\/a> <a href=\"http:\/\/www.oparanews.com.br\/wp-content\/uploads\/2022\/08\/dia-da-solidariedade-penedo-7-1068x712-1.jpeg\"><img loading=\"lazy\" decoding=\"async\" class=\"alignleft size-medium wp-image-24574\" src=\"http:\/\/www.oparanews.com.br\/wp-content\/uploads\/2022\/08\/dia-da-solidariedade-penedo-7-1068x712-1-300x200.jpeg\" alt=\"\" width=\"300\" height=\"200\" srcset=\"https:\/\/www.oparanews.com.br\/wp-content\/uploads\/2022\/08\/dia-da-solidariedade-penedo-7-1068x712-1-300x200.jpeg 300w, https:\/\/www.oparanews.com.br\/wp-content\/uploads\/2022\/08\/dia-da-solidariedade-penedo-7-1068x712-1-1024x683.jpeg 1024w, https:\/\/www.oparanews.com.br\/wp-content\/uploads\/2022\/08\/dia-da-solidariedade-penedo-7-1068x712-1-768x512.jpeg 768w, https:\/\/www.oparanews.com.br\/wp-content\/uploads\/2022\/08\/dia-da-solidariedade-penedo-7-1068x712-1.jpeg 1068w\" sizes=\"auto, (max-width: 300px) 100vw, 300px\" \/><\/a> <a href=\"http:\/\/www.oparanews.com.br\/wp-content\/uploads\/2022\/08\/dia-da-solidariedade-penedo-6-1068x712-1.jpeg\"><img loading=\"lazy\" decoding=\"async\" class=\"alignleft size-medium wp-image-24573\" src=\"http:\/\/www.oparanews.com.br\/wp-content\/uploads\/2022\/08\/dia-da-solidariedade-penedo-6-1068x712-1-300x200.jpeg\" alt=\"\" width=\"300\" height=\"200\" srcset=\"https:\/\/www.oparanews.com.br\/wp-content\/uploads\/2022\/08\/dia-da-solidariedade-penedo-6-1068x712-1-300x200.jpeg 300w, https:\/\/www.oparanews.com.br\/wp-content\/uploads\/2022\/08\/dia-da-solidariedade-penedo-6-1068x712-1-1024x683.jpeg 1024w, https:\/\/www.oparanews.com.br\/wp-content\/uploads\/2022\/08\/dia-da-solidariedade-penedo-6-1068x712-1-768x512.jpeg 768w, https:\/\/www.oparanews.com.br\/wp-content\/uploads\/2022\/08\/dia-da-solidariedade-penedo-6-1068x712-1.jpeg 1068w\" sizes=\"auto, (max-width: 300px) 100vw, 300px\" \/><\/a> <a href=\"http:\/\/www.oparanews.com.br\/wp-content\/uploads\/2022\/08\/dia-da-solidariedade-penedo-2-1068x712-1.jpeg\"><img loading=\"lazy\" decoding=\"async\" class=\"alignleft size-medium wp-image-24572\" src=\"http:\/\/www.oparanews.com.br\/wp-content\/uploads\/2022\/08\/dia-da-solidariedade-penedo-2-1068x712-1-300x200.jpeg\" alt=\"\" width=\"300\" height=\"200\" srcset=\"https:\/\/www.oparanews.com.br\/wp-content\/uploads\/2022\/08\/dia-da-solidariedade-penedo-2-1068x712-1-300x200.jpeg 300w, https:\/\/www.oparanews.com.br\/wp-content\/uploads\/2022\/08\/dia-da-solidariedade-penedo-2-1068x712-1-1024x683.jpeg 1024w, https:\/\/www.oparanews.com.br\/wp-content\/uploads\/2022\/08\/dia-da-solidariedade-penedo-2-1068x712-1-768x512.jpeg 768w, https:\/\/www.oparanews.com.br\/wp-content\/uploads\/2022\/08\/dia-da-solidariedade-penedo-2-1068x712-1.jpeg 1068w\" sizes=\"auto, (max-width: 300px) 100vw, 300px\" \/><\/a> <a href=\"http:\/\/www.oparanews.com.br\/wp-content\/uploads\/2022\/08\/dia-da-solidariedade-penedo-1-1068x712-1.jpeg\"><img loading=\"lazy\" decoding=\"async\" class=\"alignleft size-medium wp-image-24571\" src=\"http:\/\/www.oparanews.com.br\/wp-content\/uploads\/2022\/08\/dia-da-solidariedade-penedo-1-1068x712-1-300x200.jpeg\" alt=\"\" width=\"300\" height=\"200\" srcset=\"https:\/\/www.oparanews.com.br\/wp-content\/uploads\/2022\/08\/dia-da-solidariedade-penedo-1-1068x712-1-300x200.jpeg 300w, https:\/\/www.oparanews.com.br\/wp-content\/uploads\/2022\/08\/dia-da-solidariedade-penedo-1-1068x712-1-1024x683.jpeg 1024w, https:\/\/www.oparanews.com.br\/wp-content\/uploads\/2022\/08\/dia-da-solidariedade-penedo-1-1068x712-1-768x512.jpeg 768w, https:\/\/www.oparanews.com.br\/wp-content\/uploads\/2022\/08\/dia-da-solidariedade-penedo-1-1068x712-1.jpeg 1068w\" sizes=\"auto, (max-width: 300px) 100vw, 300px\" \/><\/a><\/p>\n<p>&nbsp;<\/p>\n<p>&nbsp;<\/p>\n<p>&nbsp;<\/p>\n","protected":false},"excerpt":{"rendered":"<p>Milhares de pessoas carentes foram beneficiadas nesta segunda-feira, 08, com o Dia da Solidariedade, um grande mutir\u00e3o de servi\u00e7os sociais e entregas de donativos. O trabalho organizado pela Prefeitura de Penedo, em parceria com os governos estadual e federal, atendeu fam\u00edlias diretamente afetadas pelas fortes chuvas e tamb\u00e9m promoveu o acesso \u00e0 emiss\u00e3o gratuita de &hellip;<\/p>\n","protected":false},"author":2,"featured_media":24576,"comment_status":"open","ping_status":"open","sticky":false,"template":"","format":"standard","meta":{"_jetpack_memberships_contains_paid_content":false,"footnotes":""},"categories":[1,3],"tags":[],"class_list":["post-24570","post","type-post","status-publish","format-standard","has-post-thumbnail","hentry","category-destaque","category-penedo"],"jetpack_featured_media_url":"https:\/\/www.oparanews.com.br\/wp-content\/uploads\/2022\/08\/dia-da-solidariedade-penedo-25-1068x712-1.jpeg","jetpack_sharing_enabled":true,"_links":{"self":[{"href":"https:\/\/www.oparanews.com.br\/index.php\/wp-json\/wp\/v2\/posts\/24570","targetHints":{"allow":["GET"]}}],"collection":[{"href":"https:\/\/www.oparanews.com.br\/index.php\/wp-json\/wp\/v2\/posts"}],"about":[{"href":"https:\/\/www.oparanews.com.br\/index.php\/wp-json\/wp\/v2\/types\/post"}],"author":[{"embeddable":true,"href":"https:\/\/www.oparanews.com.br\/index.php\/wp-json\/wp\/v2\/users\/2"}],"replies":[{"embeddable":true,"href":"https:\/\/www.oparanews.com.br\/index.php\/wp-json\/wp\/v2\/comments?post=24570"}],"version-history":[{"count":1,"href":"https:\/\/www.oparanews.com.br\/index.php\/wp-json\/wp\/v2\/posts\/24570\/revisions"}],"predecessor-version":[{"id":24580,"href":"https:\/\/www.oparanews.com.br\/index.php\/wp-json\/wp\/v2\/posts\/24570\/revisions\/24580"}],"wp:featuredmedia":[{"embeddable":true,"href":"https:\/\/www.oparanews.com.br\/index.php\/wp-json\/wp\/v2\/media\/24576"}],"wp:attachment":[{"href":"https:\/\/www.oparanews.com.br\/index.php\/wp-json\/wp\/v2\/media?parent=24570"}],"wp:term":[{"taxonomy":"category","embeddable":true,"href":"https:\/\/www.oparanews.com.br\/index.php\/wp-json\/wp\/v2\/categories?post=24570"},{"taxonomy":"post_tag","embeddable":true,"href":"https:\/\/www.oparanews.com.br\/index.php\/wp-json\/wp\/v2\/tags?post=24570"}],"curies":[{"name":"wp","href":"https:\/\/api.w.org\/{rel}","templated":true}]}}