{"id":24584,"date":"2022-08-08T22:05:30","date_gmt":"2022-08-09T01:05:30","guid":{"rendered":"https:\/\/www.oparanews.com.br\/?p=24584"},"modified":"2022-08-08T22:05:30","modified_gmt":"2022-08-09T01:05:30","slug":"com-uma-vitoria-em-10-jogos-alberto-valentim-nao-e-mais-o-tecnico-do-csa","status":"publish","type":"post","link":"https:\/\/www.oparanews.com.br\/index.php\/2022\/08\/08\/com-uma-vitoria-em-10-jogos-alberto-valentim-nao-e-mais-o-tecnico-do-csa\/","title":{"rendered":"Com uma vit\u00f3ria em 10 jogos, Alberto Valentim n\u00e3o \u00e9 mais o t\u00e9cnico do CSA"},"content":{"rendered":"<p>Chegou ao fim a passagem de Alberto Valentim pelo CSA. Na tarde desta segunda-feira (8), foi confirmada a sa\u00edda do treinador, dois dias ap\u00f3s a derrota para o Bahia, pela 22\u00aa rodada da S\u00e9rie B. O t\u00e9cnico sai do Azul\u00e3o com apenas uma vit\u00f3ria em dez partidas e uma passagem que durou pouco menos de dois meses.<\/p>\n<p>&nbsp;<\/p>\n<p>Valentim assumiu o time azulino ap\u00f3s a sa\u00edda de Mozart, com chancela de Felipe Ximenes, demitido h\u00e1 algumas semanas. Comandando o CSA, o jovem treinador n\u00e3o conseguiu encontrar um estilo de jogo ideal e deixa a equipe na 17\u00aa posi\u00e7\u00e3o, com apenas 20 pontos. O Azul\u00e3o tem jogo marcado para esta ter\u00e7a-feira (9), \u00e0s 20h30, contra o Brusque, pela 23\u00aa rodada da Segundona. O comandante ser\u00e1 o interino Anderson Cabe\u00e7a.<\/p>\n<p>&nbsp;<\/p>\n<p>Vale ressaltar que o CSA n\u00e3o tem chances de deixar o Z4 nesta rodada, j\u00e1 que a Chapecoense, que est\u00e1 em 16\u00ba lugar, j\u00e1 tem 24 pontos. Valentim encerra sua passagem por Alagoas com uma vit\u00f3ria, quatro empates e cinco derrotas. No Rei Pel\u00e9, n\u00e3o conseguiu nenhum triunfo.<\/p>\n<p>&nbsp;<\/p>\n<p>Agora, o diretor de futebol Raimundo Tavares, ao lado do presidente azulino, Omar Co\u00ealho, ir\u00e3o buscar um substituto para a reta final da Segundona. Em entrevista ao rep\u00f3rter Warner Oliveira, do Tima\u00e7o da R\u00e1dio Gazeta 98,3 FM, ele confirmou a sa\u00edda do treinador e espera conseguir um novo profissional at\u00e9 o jogo da 24\u00aa rodada, contra o Sport.<\/p>\n<p>&nbsp;<\/p>\n<p>&#8220;N\u00e3o foi uma decis\u00e3o f\u00e1cil de ser tomada. N\u00f3s temos que fazer as coisas lutando contra o tempo, no seu momento certo&#8221;, disse. Em nota, divulgada hora ap\u00f3s a demiss\u00e3o, o Azul\u00e3o desejou sucesso no futuro do treinador.<\/p>\n<p>&nbsp;<\/p>\n<p><strong>Confira:<\/strong><\/p>\n<p>&nbsp;<\/p>\n<p><em>\u201dO Centro Sportivo Alagoano vem a p\u00fablico informar que optou pela n\u00e3o continuidade do trabalho que vinha sendo realizado pela atual comiss\u00e3o t\u00e9cnica. O CSA agradece ao t\u00e9cnico Alberto Valentim, o auxiliar t\u00e9cnico Marc\u00e3o, e o preparador f\u00edsico M\u00e1rcio Henriques. Desejamos sucesso para o futuro.\u201c<\/em><\/p>\n<p>&nbsp;<\/p>\n<p>&nbsp;<\/p>\n<p>&nbsp;<\/p>\n<p>por Guilherme Magalh\u00e3es &#8211; Gazetaweb<\/p>\n<p>&nbsp;<\/p>\n","protected":false},"excerpt":{"rendered":"<p>Chegou ao fim a passagem de Alberto Valentim pelo CSA. Na tarde desta segunda-feira (8), foi confirmada a sa\u00edda do treinador, dois dias ap\u00f3s a derrota para o Bahia, pela 22\u00aa rodada da S\u00e9rie B. O t\u00e9cnico sai do Azul\u00e3o com apenas uma vit\u00f3ria em dez partidas e uma passagem que durou pouco menos de &hellip;<\/p>\n","protected":false},"author":2,"featured_media":24585,"comment_status":"open","ping_status":"open","sticky":false,"template":"","format":"standard","meta":{"_jetpack_memberships_contains_paid_content":false,"footnotes":""},"categories":[6],"tags":[],"class_list":["post-24584","post","type-post","status-publish","format-standard","has-post-thumbnail","hentry","category-esporte"],"jetpack_featured_media_url":"https:\/\/www.oparanews.com.br\/wp-content\/uploads\/2022\/08\/23-06-2022_CSA_X_Gremio_AC_0781.jpg","jetpack_sharing_enabled":true,"_links":{"self":[{"href":"https:\/\/www.oparanews.com.br\/index.php\/wp-json\/wp\/v2\/posts\/24584","targetHints":{"allow":["GET"]}}],"collection":[{"href":"https:\/\/www.oparanews.com.br\/index.php\/wp-json\/wp\/v2\/posts"}],"about":[{"href":"https:\/\/www.oparanews.com.br\/index.php\/wp-json\/wp\/v2\/types\/post"}],"author":[{"embeddable":true,"href":"https:\/\/www.oparanews.com.br\/index.php\/wp-json\/wp\/v2\/users\/2"}],"replies":[{"embeddable":true,"href":"https:\/\/www.oparanews.com.br\/index.php\/wp-json\/wp\/v2\/comments?post=24584"}],"version-history":[{"count":1,"href":"https:\/\/www.oparanews.com.br\/index.php\/wp-json\/wp\/v2\/posts\/24584\/revisions"}],"predecessor-version":[{"id":24586,"href":"https:\/\/www.oparanews.com.br\/index.php\/wp-json\/wp\/v2\/posts\/24584\/revisions\/24586"}],"wp:featuredmedia":[{"embeddable":true,"href":"https:\/\/www.oparanews.com.br\/index.php\/wp-json\/wp\/v2\/media\/24585"}],"wp:attachment":[{"href":"https:\/\/www.oparanews.com.br\/index.php\/wp-json\/wp\/v2\/media?parent=24584"}],"wp:term":[{"taxonomy":"category","embeddable":true,"href":"https:\/\/www.oparanews.com.br\/index.php\/wp-json\/wp\/v2\/categories?post=24584"},{"taxonomy":"post_tag","embeddable":true,"href":"https:\/\/www.oparanews.com.br\/index.php\/wp-json\/wp\/v2\/tags?post=24584"}],"curies":[{"name":"wp","href":"https:\/\/api.w.org\/{rel}","templated":true}]}}