{"id":24590,"date":"2022-08-08T22:12:11","date_gmt":"2022-08-09T01:12:11","guid":{"rendered":"https:\/\/www.oparanews.com.br\/?p=24590"},"modified":"2022-08-08T22:12:11","modified_gmt":"2022-08-09T01:12:11","slug":"prefeito-de-coruripe-marcelo-beltrao-lanca-programa-recomecar","status":"publish","type":"post","link":"https:\/\/www.oparanews.com.br\/index.php\/2022\/08\/08\/prefeito-de-coruripe-marcelo-beltrao-lanca-programa-recomecar\/","title":{"rendered":"Prefeito de Coruripe, Marcelo Beltr\u00e3o, lan\u00e7a Programa Recome\u00e7ar"},"content":{"rendered":"<p>As fortes chuvas que ca\u00edram em Coruripe entre os meses de maio e junho causaram muitos estragos. Al\u00e9m dos alagamentos decorrentes do transbordamento do Rio Coruripe. Buscando uma forma de recuperar a cidade diante de tudo que aconteceu e resgatar a autoestima do coruripense, o prefeito Marcelo Beltr\u00e3o lan\u00e7ou nesta segunda-feira (08), o Programa Recome\u00e7ar.<\/p>\n<p>&nbsp;<\/p>\n<p>A solenidade de lan\u00e7amento, que contou com diversas autoridades, entre secret\u00e1rios, vereadores e servidores das pastas envolvidas, ocorreu na Pra\u00e7a Dr. Lima Castro, Centro da cidade.<\/p>\n<p><a href=\"http:\/\/www.oparanews.com.br\/wp-content\/uploads\/2022\/08\/WhatsApp-Image-2022-08-08-at-13.46.01.jpeg\"><img loading=\"lazy\" decoding=\"async\" class=\"aligncenter size-full wp-image-24591\" src=\"http:\/\/www.oparanews.com.br\/wp-content\/uploads\/2022\/08\/WhatsApp-Image-2022-08-08-at-13.46.01.jpeg\" alt=\"\" width=\"1600\" height=\"1067\" srcset=\"https:\/\/www.oparanews.com.br\/wp-content\/uploads\/2022\/08\/WhatsApp-Image-2022-08-08-at-13.46.01.jpeg 1600w, https:\/\/www.oparanews.com.br\/wp-content\/uploads\/2022\/08\/WhatsApp-Image-2022-08-08-at-13.46.01-300x200.jpeg 300w, https:\/\/www.oparanews.com.br\/wp-content\/uploads\/2022\/08\/WhatsApp-Image-2022-08-08-at-13.46.01-1024x683.jpeg 1024w, https:\/\/www.oparanews.com.br\/wp-content\/uploads\/2022\/08\/WhatsApp-Image-2022-08-08-at-13.46.01-768x512.jpeg 768w, https:\/\/www.oparanews.com.br\/wp-content\/uploads\/2022\/08\/WhatsApp-Image-2022-08-08-at-13.46.01-1536x1024.jpeg 1536w\" sizes=\"auto, (max-width: 1600px) 100vw, 1600px\" \/><\/a><\/p>\n<p>&#8220;Hoje queremos dizer \u00e0 popula\u00e7\u00e3o que estamos em mais um momento de recome\u00e7o. Enfrentamos a pandemia, onde nos tirou o conv\u00edvio e nos impediu de come\u00e7ar, nos fez sentir falta do calor humano no in\u00edcio da gest\u00e3o. Vamos nos unir, ajudar neste recome\u00e7o e trazer para cada um o despertar do orgulho em ser coruripense, lutar pelo desenvolvimento e trazer empresas para que nossos familiares n\u00e3o tenham que deixar o nosso munic\u00edpio \u00e0 procura de emprego. Vamos tornar a nossa cidade um grande atrativo. Potencial a gente tem em diversas \u00e1reas, do turismo a agricultura&#8221;, destacou o prefeito.<\/p>\n<p>&nbsp;<\/p>\n<p>O Programa Recome\u00e7ar contempla um conjunto de a\u00e7\u00f5es que visam \u00e0 reconstru\u00e7\u00e3o do munic\u00edpio, ap\u00f3s diversos danos causados pelas fortes chuvas. As a\u00e7\u00f5es que envolvem as Secretarias de Infraestrutura e Urbanismos, Limpeza e, Apoio e Desenvolvimento da Pindorama, v\u00e3o ocorrer a curto, m\u00e9dio e longo prazo:<\/p>\n<p>&nbsp;<\/p>\n<p>&#8211; A constru\u00e7\u00e3o de 07 pontes; reparos de cal\u00e7amentos; melhorias de estradas vicinais; levantamento da demanda habitacional; a\u00e7\u00f5es emergenciais de infraestrutura que visem minimizar os estragos; a constru\u00e7\u00e3o de um plano para um projeto de drenagem que possibilite uma melhoria da qualidade de vida da popula\u00e7\u00e3o que vive pr\u00f3ximo aos rios; al\u00e9m da retirada das fam\u00edlias que vivem em \u00e1rea de risco e a reurbaniza\u00e7\u00e3o dessas \u00e1reas.<\/p>\n<p>&nbsp;<\/p>\n<p>&#8220;O sentimento que o povo coruripense precisa \u00e9 de reconstru\u00e7\u00e3o, independente de posi\u00e7\u00e3o pol\u00edtica, partido. Devemos torcer pela nossa cidade, pelo desenvolvimento. Tudo isso s\u00f3 vamos conseguir se voc\u00eas acreditarem, cada um se doar, dar um pouquinho de si. Sei que Deus est\u00e1 ao nosso lado. Ele s\u00f3 d\u00e1 a cruz que cada um pode carregar. Ent\u00e3o, vamos nos unir pelo nosso progresso, acreditar que Coruripe vai acordar o gigante que realmente \u00e9. Que Deus nos aben\u00e7oe neste recome\u00e7o&#8221;, encerrou o prefeito Marcelo Beltr\u00e3o durante o lan\u00e7amento do Programa Recome\u00e7ar.<\/p>\n<p>&nbsp;<\/p>\n<p><strong>Programa\u00e7\u00e3o zona rural eixo Pindorama<\/strong><\/p>\n<p>&nbsp;<\/p>\n<p>&#8211; Restaura\u00e7\u00e3o de ruas e cal\u00e7amentos na Pindorama: Monte Feliz, Loteamento Bela Vista, Travessa Princesa Isabel, Rua Washinton Luiz, Rua Mendes de S\u00e1.<\/p>\n<p>&nbsp;<\/p>\n<p>&#8211; Estradas Vicinais: Ladeira Santa Margarida\/Mangabeira, Ladeira Concei\u00e7\u00e3o \/Mangabeira, Ladeira Imbira\/Concei\u00e7\u00e3o e estradas em geral.<\/p>\n<p>&nbsp;<\/p>\n<p>Reposi\u00e7\u00e3o de l\u00e2mpadas: Rua Marechal Dutra, Rua Princesa Isabel, Rua Dom Pedro l e Povoado Botafogo.<\/p>\n<p>&nbsp;<\/p>\n<p><strong>Programa\u00e7\u00e3o zona urbana e eixo praias<\/strong><\/p>\n<p>&nbsp;<\/p>\n<p>Melhoria de ruas e vias urbanas e estradas vicinais: Alto da Saudade, Rua do Rato, Rua do Pneu, Cruzeirinho, Conjunto Lula Beltr\u00e3o, Poxim, Pontal, Vassouras, Rua Arco \u00cdris, Lagoa do Pau e Barreiras. Al\u00e9m de Areia\/Rumeiro, Miai de Cima, Miai de Baixo, Central, Rua da Lama, Barro Preto 2, Pontal\/Maruim, Cruzeiro, Adriana, Conjunto Dr. Fialho, Conjunto Sim\u00f5es Filho, Lix\u00e3o e Lama Grande\/Estiva<\/p>\n<p>&nbsp;<\/p>\n<p>Ilumina\u00e7\u00e3o p\u00fablica: Pontal de Coruripe, Barro Preto 1, Centro, Vassouras, Bairro Jo\u00e3o Maria, Rua da Lama, Avenida Luiz Lima Beltr\u00e3o, Cruzeiro, Conjunto Jo\u00e3o Batista, Joaquim Beltr\u00e3o, Estivas, Central e Rumeiro.<\/p>\n<p>&nbsp;<\/p>\n<p><strong>Limpeza, coleta de lixo dom\u00e9stico e de entulhos<\/strong><\/p>\n<p>&nbsp;<\/p>\n<p>Refor\u00e7o na coleta, mutir\u00e3o noturno e coleta de entulhos por todo o munic\u00edpio: Zonas urbana e rural, Pindorama e eixo praias.<\/p>\n<p>&nbsp;<\/p>\n<p>&nbsp;<\/p>\n<p>&nbsp;<\/p>\n<p><strong>Fonte: Secom Coruripe<\/strong><\/p>\n<p>&nbsp;<\/p>\n","protected":false},"excerpt":{"rendered":"<p>As fortes chuvas que ca\u00edram em Coruripe entre os meses de maio e junho causaram muitos estragos. Al\u00e9m dos alagamentos decorrentes do transbordamento do Rio Coruripe. Buscando uma forma de recuperar a cidade diante de tudo que aconteceu e resgatar a autoestima do coruripense, o prefeito Marcelo Beltr\u00e3o lan\u00e7ou nesta segunda-feira (08), o Programa Recome\u00e7ar. &hellip;<\/p>\n","protected":false},"author":2,"featured_media":24592,"comment_status":"open","ping_status":"open","sticky":false,"template":"","format":"standard","meta":{"_jetpack_memberships_contains_paid_content":false,"footnotes":""},"categories":[4],"tags":[],"class_list":["post-24590","post","type-post","status-publish","format-standard","has-post-thumbnail","hentry","category-alagoas"],"jetpack_featured_media_url":"https:\/\/www.oparanews.com.br\/wp-content\/uploads\/2022\/08\/WhatsApp-Image-2022-08-08-at-13.45.58-2.jpeg","jetpack_sharing_enabled":true,"_links":{"self":[{"href":"https:\/\/www.oparanews.com.br\/index.php\/wp-json\/wp\/v2\/posts\/24590","targetHints":{"allow":["GET"]}}],"collection":[{"href":"https:\/\/www.oparanews.com.br\/index.php\/wp-json\/wp\/v2\/posts"}],"about":[{"href":"https:\/\/www.oparanews.com.br\/index.php\/wp-json\/wp\/v2\/types\/post"}],"author":[{"embeddable":true,"href":"https:\/\/www.oparanews.com.br\/index.php\/wp-json\/wp\/v2\/users\/2"}],"replies":[{"embeddable":true,"href":"https:\/\/www.oparanews.com.br\/index.php\/wp-json\/wp\/v2\/comments?post=24590"}],"version-history":[{"count":2,"href":"https:\/\/www.oparanews.com.br\/index.php\/wp-json\/wp\/v2\/posts\/24590\/revisions"}],"predecessor-version":[{"id":24594,"href":"https:\/\/www.oparanews.com.br\/index.php\/wp-json\/wp\/v2\/posts\/24590\/revisions\/24594"}],"wp:featuredmedia":[{"embeddable":true,"href":"https:\/\/www.oparanews.com.br\/index.php\/wp-json\/wp\/v2\/media\/24592"}],"wp:attachment":[{"href":"https:\/\/www.oparanews.com.br\/index.php\/wp-json\/wp\/v2\/media?parent=24590"}],"wp:term":[{"taxonomy":"category","embeddable":true,"href":"https:\/\/www.oparanews.com.br\/index.php\/wp-json\/wp\/v2\/categories?post=24590"},{"taxonomy":"post_tag","embeddable":true,"href":"https:\/\/www.oparanews.com.br\/index.php\/wp-json\/wp\/v2\/tags?post=24590"}],"curies":[{"name":"wp","href":"https:\/\/api.w.org\/{rel}","templated":true}]}}