{"id":24599,"date":"2022-08-09T17:08:26","date_gmt":"2022-08-09T20:08:26","guid":{"rendered":"https:\/\/www.oparanews.com.br\/?p=24599"},"modified":"2022-08-09T17:08:26","modified_gmt":"2022-08-09T20:08:26","slug":"prefeitura-de-penedo-divulga-ordem-do-desfile-civico-de-7-de-setembro","status":"publish","type":"post","link":"https:\/\/www.oparanews.com.br\/index.php\/2022\/08\/09\/prefeitura-de-penedo-divulga-ordem-do-desfile-civico-de-7-de-setembro\/","title":{"rendered":"Prefeitura de Penedo divulga ordem do desfile c\u00edvico de 7 de Setembro"},"content":{"rendered":"<p>A Prefeitura de Penedo anuncia nesta ter\u00e7a-feira, 09, a ordem das escolas e institui\u00e7\u00f5es participantes do desfile c\u00edvico do 7 de Setembro.<\/p>\n<p>&nbsp;<\/p>\n<p>Suspensa por dois anos devido \u00e0 pandemia de Covid-19, a celebra\u00e7\u00e3o da independ\u00eancia do Brasil volta \u00e0s ruas da cidade hist\u00f3rica.<\/p>\n<p>&nbsp;<\/p>\n<p>A Secretaria Municipal de Educa\u00e7\u00e3o (SEMED) informa que a concentra\u00e7\u00e3o do desfile ser\u00e1 na Pra\u00e7a do Clementino do Monte, a partir das 13h30, com percurso concluindo na Pra\u00e7a 12 de Abril.<\/p>\n<p>&nbsp;<\/p>\n<p>Confira a ordem do desfile c\u00edvico em Penedo<\/p>\n<p>&nbsp;<\/p>\n<p><strong>1 \u2013 Marinha do Brasil \/ Banda Musical Penedense<\/strong><br \/>\n<strong>2 \u2013 Ex\u00e9rcito Brasileiro \/ Banda Monte Pio dos Artistas<\/strong><br \/>\n<strong>3 \u2013 Pol\u00edcia Militar<\/strong><br \/>\n<strong>4 \u2013 Corpo de Bombeiros<\/strong><br \/>\n<strong>5 \u2013 Escolas Municipais \u2013 Banda Municipal Jorge Souza Nascimento- Banda Fanfarra Escola Pedro Reys (Igreja Nova)<\/strong><br \/>\n<strong>6 \u2013 Col\u00e9gio Sagrado Cora\u00e7\u00e3o de Jesus<\/strong><br \/>\n<strong>7 \u2013 Escola Nossa Senhora Auxiliadora<\/strong><br \/>\n<strong>8 \u2013 Instituto Federal de Alagoas \u2013 IFAL<\/strong><br \/>\n<strong>9 \u2013 Col\u00e9gio Nossa Senhora de F\u00e1tima<\/strong><br \/>\n<strong>10 \u2013 Escola Estadual Dr. Alcides Andrade<\/strong><br \/>\n<strong>11 \u2013 Banda Fanfarra F\u00eanix de Penedo<\/strong><br \/>\n<strong>12 \u2013 Col\u00e9gio Estadual Comendador Jos\u00e9 da Silva Peixoto<\/strong><\/p>\n<p>&nbsp;<\/p>\n<p>&nbsp;<\/p>\n<p>&nbsp;<\/p>\n<p>&nbsp;<\/p>\n<p><strong>Fonte: Secom PMP<\/strong><\/p>\n<p>&nbsp;<\/p>\n","protected":false},"excerpt":{"rendered":"<p>A Prefeitura de Penedo anuncia nesta ter\u00e7a-feira, 09, a ordem das escolas e institui\u00e7\u00f5es participantes do desfile c\u00edvico do 7 de Setembro. &nbsp; Suspensa por dois anos devido \u00e0 pandemia de Covid-19, a celebra\u00e7\u00e3o da independ\u00eancia do Brasil volta \u00e0s ruas da cidade hist\u00f3rica. &nbsp; A Secretaria Municipal de Educa\u00e7\u00e3o (SEMED) informa que a concentra\u00e7\u00e3o &hellip;<\/p>\n","protected":false},"author":2,"featured_media":24600,"comment_status":"open","ping_status":"open","sticky":false,"template":"","format":"standard","meta":{"_jetpack_memberships_contains_paid_content":false,"footnotes":""},"categories":[1,3],"tags":[],"class_list":["post-24599","post","type-post","status-publish","format-standard","has-post-thumbnail","hentry","category-destaque","category-penedo"],"jetpack_featured_media_url":"https:\/\/www.oparanews.com.br\/wp-content\/uploads\/2022\/08\/sete_de_setembro_2022.png","jetpack_sharing_enabled":true,"_links":{"self":[{"href":"https:\/\/www.oparanews.com.br\/index.php\/wp-json\/wp\/v2\/posts\/24599","targetHints":{"allow":["GET"]}}],"collection":[{"href":"https:\/\/www.oparanews.com.br\/index.php\/wp-json\/wp\/v2\/posts"}],"about":[{"href":"https:\/\/www.oparanews.com.br\/index.php\/wp-json\/wp\/v2\/types\/post"}],"author":[{"embeddable":true,"href":"https:\/\/www.oparanews.com.br\/index.php\/wp-json\/wp\/v2\/users\/2"}],"replies":[{"embeddable":true,"href":"https:\/\/www.oparanews.com.br\/index.php\/wp-json\/wp\/v2\/comments?post=24599"}],"version-history":[{"count":1,"href":"https:\/\/www.oparanews.com.br\/index.php\/wp-json\/wp\/v2\/posts\/24599\/revisions"}],"predecessor-version":[{"id":24601,"href":"https:\/\/www.oparanews.com.br\/index.php\/wp-json\/wp\/v2\/posts\/24599\/revisions\/24601"}],"wp:featuredmedia":[{"embeddable":true,"href":"https:\/\/www.oparanews.com.br\/index.php\/wp-json\/wp\/v2\/media\/24600"}],"wp:attachment":[{"href":"https:\/\/www.oparanews.com.br\/index.php\/wp-json\/wp\/v2\/media?parent=24599"}],"wp:term":[{"taxonomy":"category","embeddable":true,"href":"https:\/\/www.oparanews.com.br\/index.php\/wp-json\/wp\/v2\/categories?post=24599"},{"taxonomy":"post_tag","embeddable":true,"href":"https:\/\/www.oparanews.com.br\/index.php\/wp-json\/wp\/v2\/tags?post=24599"}],"curies":[{"name":"wp","href":"https:\/\/api.w.org\/{rel}","templated":true}]}}