{"id":24608,"date":"2022-08-11T07:37:37","date_gmt":"2022-08-11T10:37:37","guid":{"rendered":"https:\/\/www.oparanews.com.br\/?p=24608"},"modified":"2022-08-11T07:37:37","modified_gmt":"2022-08-11T10:37:37","slug":"cachorro-preso-a-arvore-com-corda-no-pescoco-e-resgatado-em-coruripe","status":"publish","type":"post","link":"https:\/\/www.oparanews.com.br\/index.php\/2022\/08\/11\/cachorro-preso-a-arvore-com-corda-no-pescoco-e-resgatado-em-coruripe\/","title":{"rendered":"Cachorro preso a \u00e1rvore com corda no pesco\u00e7o \u00e9 resgatado em Coruripe"},"content":{"rendered":"<p>Um cachorro foi encontrado com sinais de maus-tratos na cidade de Coruripe nesta ter\u00e7a-feira (9). Volunt\u00e1rios da Organiza\u00e7\u00e3o N\u00e3o Governamental (ONG) Instituto Amigos da Natureza receberam a den\u00fancia an\u00f4nima e foram ao local, mas n\u00e3o encontraram a pessoa que cometeu o crime.<\/p>\n<p>&nbsp;<\/p>\n<p>No local, uma regi\u00e3o de mata, os volunt\u00e1rios encontraram o animal amarrado a uma \u00e1rvore com uma corda curta no pesco\u00e7o, que passava por dentro de um cano de pl\u00e1stico, o que impedia que o cachorro pudesse se movimentar direito. N\u00e3o havia \u00e1gua nem comida no local.<\/p>\n<p>&nbsp;<\/p>\n<p>&#8220;Deixaram ele l\u00e1 mesmo para morrer. Veja que a corda ficava amarrada de maneira que toda vez que ele dava uma volta, ela apertava o pesco\u00e7o dele. J\u00e1 estava bem inchado. S\u00f3 deram por conta dele ontem, porque ele chorou muito na chuva e os moradores de uma casa distante sa\u00edram procurando e acharam o cachorro&#8221;, relatou Marco Lima, presidente da ONG.<\/p>\n<p>&nbsp;<\/p>\n<p>O animal foi resgatado pela ONG, que solicitou apoio da Secretaria de Meio Ambiente. Em seguida, foi entregue \u00e0s autoridades sanit\u00e1rias para que sejam tomadas todas as medidas necess\u00e1rias em rela\u00e7\u00e3o \u00e0 sa\u00fade e a guarda provis\u00f3ria do cachorro, que \u00e9 bastante d\u00f3cil.<\/p>\n<p>&nbsp;<\/p>\n<p>&#8220;Quando soltamos, ele nem fugiu. Ficou por perto, bem alegre, como que agradecendo por estar livre&#8221;, disse Marco.<\/p>\n<p>&nbsp;<\/p>\n<p>A Pol\u00edcia Militar tamb\u00e9m foi acionada, mas n\u00e3o compareceu ao local.<\/p>\n<p>&nbsp;<\/p>\n<p>&nbsp;<\/p>\n<p><strong>Por Heliana Gon\u00e7alves, g1 AL<\/strong><\/p>\n<p>&nbsp;<\/p>\n","protected":false},"excerpt":{"rendered":"<p>Um cachorro foi encontrado com sinais de maus-tratos na cidade de Coruripe nesta ter\u00e7a-feira (9). Volunt\u00e1rios da Organiza\u00e7\u00e3o N\u00e3o Governamental (ONG) Instituto Amigos da Natureza receberam a den\u00fancia an\u00f4nima e foram ao local, mas n\u00e3o encontraram a pessoa que cometeu o crime. &nbsp; No local, uma regi\u00e3o de mata, os volunt\u00e1rios encontraram o animal amarrado &hellip;<\/p>\n","protected":false},"author":2,"featured_media":24610,"comment_status":"open","ping_status":"open","sticky":false,"template":"","format":"standard","meta":{"_jetpack_memberships_contains_paid_content":false,"footnotes":""},"categories":[4],"tags":[],"class_list":["post-24608","post","type-post","status-publish","format-standard","has-post-thumbnail","hentry","category-alagoas"],"jetpack_featured_media_url":"https:\/\/www.oparanews.com.br\/wp-content\/uploads\/2022\/08\/whatsapp-image-2022-08-10-at-08.41.17-1-.webp","jetpack_sharing_enabled":true,"_links":{"self":[{"href":"https:\/\/www.oparanews.com.br\/index.php\/wp-json\/wp\/v2\/posts\/24608","targetHints":{"allow":["GET"]}}],"collection":[{"href":"https:\/\/www.oparanews.com.br\/index.php\/wp-json\/wp\/v2\/posts"}],"about":[{"href":"https:\/\/www.oparanews.com.br\/index.php\/wp-json\/wp\/v2\/types\/post"}],"author":[{"embeddable":true,"href":"https:\/\/www.oparanews.com.br\/index.php\/wp-json\/wp\/v2\/users\/2"}],"replies":[{"embeddable":true,"href":"https:\/\/www.oparanews.com.br\/index.php\/wp-json\/wp\/v2\/comments?post=24608"}],"version-history":[{"count":1,"href":"https:\/\/www.oparanews.com.br\/index.php\/wp-json\/wp\/v2\/posts\/24608\/revisions"}],"predecessor-version":[{"id":24611,"href":"https:\/\/www.oparanews.com.br\/index.php\/wp-json\/wp\/v2\/posts\/24608\/revisions\/24611"}],"wp:featuredmedia":[{"embeddable":true,"href":"https:\/\/www.oparanews.com.br\/index.php\/wp-json\/wp\/v2\/media\/24610"}],"wp:attachment":[{"href":"https:\/\/www.oparanews.com.br\/index.php\/wp-json\/wp\/v2\/media?parent=24608"}],"wp:term":[{"taxonomy":"category","embeddable":true,"href":"https:\/\/www.oparanews.com.br\/index.php\/wp-json\/wp\/v2\/categories?post=24608"},{"taxonomy":"post_tag","embeddable":true,"href":"https:\/\/www.oparanews.com.br\/index.php\/wp-json\/wp\/v2\/tags?post=24608"}],"curies":[{"name":"wp","href":"https:\/\/api.w.org\/{rel}","templated":true}]}}