{"id":24612,"date":"2022-08-11T07:43:54","date_gmt":"2022-08-11T10:43:54","guid":{"rendered":"https:\/\/www.oparanews.com.br\/?p=24612"},"modified":"2022-08-11T07:43:54","modified_gmt":"2022-08-11T10:43:54","slug":"governo-ronaldo-lopes-deixa-colina-do-oiteiro-totalmente-iluminada","status":"publish","type":"post","link":"https:\/\/www.oparanews.com.br\/index.php\/2022\/08\/11\/governo-ronaldo-lopes-deixa-colina-do-oiteiro-totalmente-iluminada\/","title":{"rendered":"Governo Ronaldo Lopes deixa Colina do Oiteiro totalmente iluminada"},"content":{"rendered":"<p>Mais uma reivindica\u00e7\u00e3o antiga da popula\u00e7\u00e3o de Penedo que tamb\u00e9m \u00e9 feita na C\u00e2mara de Vereadores est\u00e1 sendo atendida por Ronaldo Lopes, o prefeito que trabalha de forma incans\u00e1vel para o desenvolvimento do munic\u00edpio.<\/p>\n<p>&nbsp;<\/p>\n<p>Em todos os bairros da cidade e nos povoados, a gest\u00e3o Penedo, Crescendo Com Seu Povo est\u00e1 presente, empenho mais vis\u00edvel nas obras da Secretaria de Servi\u00e7os P\u00fablicos ou nos investimentos da Superintend\u00eancia de Ilumina\u00e7\u00e3o P\u00fablica (SIPE).<\/p>\n<p>&nbsp;<\/p>\n<p>Com recursos da COSIP, mais conhecida como tarifa de energia, o governo Ronaldo Lopes promove melhorias no servi\u00e7o que beneficia moradores da cidade e da zona rural.<\/p>\n<p>&nbsp;<\/p>\n<p>O setor criado por Ronaldo Lopes atua com celeridade, levando o Programa Penedo Mais Iluminada para a Rodovia M\u00e1rio Freire Leahy, no trecho conhecido por Colina do Oiteiro, onde sequer havia rede de energia.<\/p>\n<p>&nbsp;<\/p>\n<p>O benef\u00edcio j\u00e1 est\u00e1 praticamente pronto, aguardando apenas a liga\u00e7\u00e3o por parte da empresa Equatorial Energia, o que deve acontecer nesta quinta-feira, 11 de agosto.<\/p>\n<p>&nbsp;<\/p>\n<p>\u201cQuero agradecer ao vereador Roberto da Farm\u00e1cia, que foi um dos parlamentares que requereu essa a\u00e7\u00e3o para beneficiar a popula\u00e7\u00e3o de Penedo. As l\u00e2mpadas de LED tamb\u00e9m est\u00e3o sendo substitu\u00eddas no trecho entre o Trevo do Bom Jesus dos Navegantes at\u00e9 a Avenida Divaldo Suruagy\u201d, destaca o prefeito Ronaldo Lopes.<\/p>\n<p>&nbsp;<\/p>\n<p><strong>PENEDO MAIS ILUMINADA<\/strong><\/p>\n<p>&nbsp;<\/p>\n<p>Este \u00e9 um programa da Prefeitura de Penedo de eficici\u00eancia energ\u00e9tica que instala l\u00e2mpadas de LED em v\u00e1rios pontos da cidade e tamb\u00e9m da zona rural.<\/p>\n<p>&nbsp;<\/p>\n<p>Al\u00e9m dessas novas lumin\u00e1rias, mais econ\u00f4micas e de maior durabilidade, tamb\u00e9m \u00e9 feita a substuti\u00e7\u00e3o de l\u00e2mpadas antigas por l\u00e2mpadas dessa nova tecnologia.<\/p>\n<p>&nbsp;<\/p>\n<p>&nbsp;<\/p>\n<p>&nbsp;<\/p>\n<p><strong>por Fernando Vin\u00edcius &#8211; Secom PMP<\/strong><\/p>\n<p>&nbsp;<\/p>\n","protected":false},"excerpt":{"rendered":"<p>Mais uma reivindica\u00e7\u00e3o antiga da popula\u00e7\u00e3o de Penedo que tamb\u00e9m \u00e9 feita na C\u00e2mara de Vereadores est\u00e1 sendo atendida por Ronaldo Lopes, o prefeito que trabalha de forma incans\u00e1vel para o desenvolvimento do munic\u00edpio. &nbsp; Em todos os bairros da cidade e nos povoados, a gest\u00e3o Penedo, Crescendo Com Seu Povo est\u00e1 presente, empenho mais &hellip;<\/p>\n","protected":false},"author":2,"featured_media":24613,"comment_status":"open","ping_status":"open","sticky":false,"template":"","format":"standard","meta":{"_jetpack_memberships_contains_paid_content":false,"footnotes":""},"categories":[1,3],"tags":[],"class_list":["post-24612","post","type-post","status-publish","format-standard","has-post-thumbnail","hentry","category-destaque","category-penedo"],"jetpack_featured_media_url":"https:\/\/www.oparanews.com.br\/wp-content\/uploads\/2022\/08\/eficiencia-energetica-sipe-penedo-foto-fernando-vinicius-16.jpeg","jetpack_sharing_enabled":true,"_links":{"self":[{"href":"https:\/\/www.oparanews.com.br\/index.php\/wp-json\/wp\/v2\/posts\/24612","targetHints":{"allow":["GET"]}}],"collection":[{"href":"https:\/\/www.oparanews.com.br\/index.php\/wp-json\/wp\/v2\/posts"}],"about":[{"href":"https:\/\/www.oparanews.com.br\/index.php\/wp-json\/wp\/v2\/types\/post"}],"author":[{"embeddable":true,"href":"https:\/\/www.oparanews.com.br\/index.php\/wp-json\/wp\/v2\/users\/2"}],"replies":[{"embeddable":true,"href":"https:\/\/www.oparanews.com.br\/index.php\/wp-json\/wp\/v2\/comments?post=24612"}],"version-history":[{"count":1,"href":"https:\/\/www.oparanews.com.br\/index.php\/wp-json\/wp\/v2\/posts\/24612\/revisions"}],"predecessor-version":[{"id":24614,"href":"https:\/\/www.oparanews.com.br\/index.php\/wp-json\/wp\/v2\/posts\/24612\/revisions\/24614"}],"wp:featuredmedia":[{"embeddable":true,"href":"https:\/\/www.oparanews.com.br\/index.php\/wp-json\/wp\/v2\/media\/24613"}],"wp:attachment":[{"href":"https:\/\/www.oparanews.com.br\/index.php\/wp-json\/wp\/v2\/media?parent=24612"}],"wp:term":[{"taxonomy":"category","embeddable":true,"href":"https:\/\/www.oparanews.com.br\/index.php\/wp-json\/wp\/v2\/categories?post=24612"},{"taxonomy":"post_tag","embeddable":true,"href":"https:\/\/www.oparanews.com.br\/index.php\/wp-json\/wp\/v2\/tags?post=24612"}],"curies":[{"name":"wp","href":"https:\/\/api.w.org\/{rel}","templated":true}]}}