{"id":24615,"date":"2022-08-11T07:45:47","date_gmt":"2022-08-11T10:45:47","guid":{"rendered":"https:\/\/www.oparanews.com.br\/?p=24615"},"modified":"2022-08-11T07:45:47","modified_gmt":"2022-08-11T10:45:47","slug":"barraqueiros-da-prainha-do-velho-chico-recebem-apoio-da-prefeitura-de-penedo","status":"publish","type":"post","link":"https:\/\/www.oparanews.com.br\/index.php\/2022\/08\/11\/barraqueiros-da-prainha-do-velho-chico-recebem-apoio-da-prefeitura-de-penedo\/","title":{"rendered":"Barraqueiros da Prainha do Velho Chico recebem apoio da Prefeitura de Penedo"},"content":{"rendered":"<p>O Prefeito Ronaldo Lopes recebeu na tarde desta quarta-feira, 10, os comerciantes que trabalham na Prainha de Penedo, chefes de fam\u00edlias que t\u00eam o apoio da administra\u00e7\u00e3o municipal para se manter trabalhando.<\/p>\n<p>&nbsp;<\/p>\n<p>A continuidade do servi\u00e7o na \u00e1rea de lazer que atrai penedenses e visitantes passar\u00e1 a ser feita de forma ambulante pelos \u2018barraqueiros\u2019 \u2013 como s\u00e3o conhecidos \u2013 que est\u00e3o impedidos de utilizar os respectivos pontos fixos pela Superintend\u00eancia de Patrim\u00f4nio da Uni\u00e3o (SPU), \u00f3rg\u00e3o do Governo Federal.<\/p>\n<p>&nbsp;<\/p>\n<p>Os oito comerciantes aprovaram a proposta da gest\u00e3o que disponibilizar\u00e1 tendas padronizadas para uso na prainha e um galp\u00e3o na cidade para guarda de mesas, cadeiras e utens\u00edlios dos barraqueiros, assim como a log\u00edstica di\u00e1ria do transporte desse material.<\/p>\n<p>&nbsp;<\/p>\n<p>Al\u00e9m disso, haver\u00e1 orienta\u00e7\u00e3o do setor jur\u00eddico para evitar a aplica\u00e7\u00e3o da multa no valor de praticamente quinze mil reais para cada barraqueiro, com base na condi\u00e7\u00e3o das pessoas que sobrevivem em regime de economia familiar, conforme explicou o advogado Alfredo Pereira.<\/p>\n<p>&nbsp;<\/p>\n<p>\u201cN\u00f3s estamos buscando uma sa\u00edda para que os barraqueiros da nossa prainha possam continuar trabalhando, sustentando suas fam\u00edlias, e na pr\u00f3xima segunda-feira eu irei at\u00e9 a SPU para tratar desse assunto pessoalmente\u201d, informa Ronaldo Lopes, destacando o apoio da C\u00e2mara Municipal de Penedo, representada na reuni\u00e3o pelo vereador Messias da Fil\u00f3.<\/p>\n<p>&nbsp;<\/p>\n<p>Um dos mais antigos comerciantes do balne\u00e1rio p\u00fablico, Euz\u00e9bio dos Santos, participou do encontro e agradeceu o empenho do Prefeito de Penedo. \u201cN\u00f3s estamos hoje na prainha gra\u00e7as a esse homem, Ronaldo Lopes\u201d, referindo-se \u00e0s interven\u00e7\u00f5es realizadas nos \u00faltimos cinco anos, per\u00edodo em que o Governo Federal mais atuou para demolir os barracos.<\/p>\n<p>&nbsp;<\/p>\n<p>A solu\u00e7\u00e3o definitiva que vai transformar a Prainha de Penedo em um local estruturado e adequado \u00e0s normas ambientais j\u00e1 tem projeto pronto, mais um investimento do governo que trabalha para ampliar a gera\u00e7\u00e3o de emprego e renda por meio do turismo.<\/p>\n<p>&nbsp;<\/p>\n<p>&nbsp;<\/p>\n<p>&nbsp;<\/p>\n<p><strong>por Fernando Vin\u00edcius &#8211; Secom PMP<\/strong><\/p>\n<p>&nbsp;<\/p>\n","protected":false},"excerpt":{"rendered":"<p>O Prefeito Ronaldo Lopes recebeu na tarde desta quarta-feira, 10, os comerciantes que trabalham na Prainha de Penedo, chefes de fam\u00edlias que t\u00eam o apoio da administra\u00e7\u00e3o municipal para se manter trabalhando. &nbsp; A continuidade do servi\u00e7o na \u00e1rea de lazer que atrai penedenses e visitantes passar\u00e1 a ser feita de forma ambulante pelos \u2018barraqueiros\u2019 &hellip;<\/p>\n","protected":false},"author":2,"featured_media":24616,"comment_status":"open","ping_status":"open","sticky":false,"template":"","format":"standard","meta":{"_jetpack_memberships_contains_paid_content":false,"footnotes":""},"categories":[1,3],"tags":[],"class_list":["post-24615","post","type-post","status-publish","format-standard","has-post-thumbnail","hentry","category-destaque","category-penedo"],"jetpack_featured_media_url":"https:\/\/www.oparanews.com.br\/wp-content\/uploads\/2022\/08\/reuniao-penedo-barrraqueiros-penedo-2-1.jpeg","jetpack_sharing_enabled":true,"_links":{"self":[{"href":"https:\/\/www.oparanews.com.br\/index.php\/wp-json\/wp\/v2\/posts\/24615","targetHints":{"allow":["GET"]}}],"collection":[{"href":"https:\/\/www.oparanews.com.br\/index.php\/wp-json\/wp\/v2\/posts"}],"about":[{"href":"https:\/\/www.oparanews.com.br\/index.php\/wp-json\/wp\/v2\/types\/post"}],"author":[{"embeddable":true,"href":"https:\/\/www.oparanews.com.br\/index.php\/wp-json\/wp\/v2\/users\/2"}],"replies":[{"embeddable":true,"href":"https:\/\/www.oparanews.com.br\/index.php\/wp-json\/wp\/v2\/comments?post=24615"}],"version-history":[{"count":1,"href":"https:\/\/www.oparanews.com.br\/index.php\/wp-json\/wp\/v2\/posts\/24615\/revisions"}],"predecessor-version":[{"id":24617,"href":"https:\/\/www.oparanews.com.br\/index.php\/wp-json\/wp\/v2\/posts\/24615\/revisions\/24617"}],"wp:featuredmedia":[{"embeddable":true,"href":"https:\/\/www.oparanews.com.br\/index.php\/wp-json\/wp\/v2\/media\/24616"}],"wp:attachment":[{"href":"https:\/\/www.oparanews.com.br\/index.php\/wp-json\/wp\/v2\/media?parent=24615"}],"wp:term":[{"taxonomy":"category","embeddable":true,"href":"https:\/\/www.oparanews.com.br\/index.php\/wp-json\/wp\/v2\/categories?post=24615"},{"taxonomy":"post_tag","embeddable":true,"href":"https:\/\/www.oparanews.com.br\/index.php\/wp-json\/wp\/v2\/tags?post=24615"}],"curies":[{"name":"wp","href":"https:\/\/api.w.org\/{rel}","templated":true}]}}