{"id":24618,"date":"2022-08-12T08:46:26","date_gmt":"2022-08-12T11:46:26","guid":{"rendered":"https:\/\/www.oparanews.com.br\/?p=24618"},"modified":"2022-08-12T08:46:26","modified_gmt":"2022-08-12T11:46:26","slug":"secretaria-de-saude-de-penedo-atende-populacao-com-exames-de-ultrassonografia","status":"publish","type":"post","link":"https:\/\/www.oparanews.com.br\/index.php\/2022\/08\/12\/secretaria-de-saude-de-penedo-atende-populacao-com-exames-de-ultrassonografia\/","title":{"rendered":"Secretaria de Sa\u00fade de Penedo atende popula\u00e7\u00e3o com exames de ultrassonografia"},"content":{"rendered":"<p>A Prefeitura de Penedo, atrav\u00e9s da Secretaria Municipal de Sa\u00fade (SEMS), realizou um mutir\u00e3o de ultrassonografias na Unidade de Sa\u00fade da Fam\u00edlia Ant\u00f4nia Leite da Silva, situado no Loteamento S\u00e3o Jos\u00e9, parte alta da cidade.<\/p>\n<p>&nbsp;<\/p>\n<p>A a\u00e7\u00e3o realizada nesta quinta-feira, 11, diminui a demanda de exames do Centro de Diagn\u00f3stico, setor em obras devido \u00e0s fortes chuvas que danificaram parte da estrutura do local onde s\u00e3o realizados os exames de imagem de alta e m\u00e9dia complexidade.<\/p>\n<p>&nbsp;<\/p>\n<p>O mutir\u00e3o da SEMS realizado hoje viabilizou a oferta de 100 exames de ultrassonografia, a\u00e7\u00e3o feita em parceria com a Aten\u00e7\u00e3o Prim\u00e1ria para atender pacientes previamente agendadas, homens e mulheres.<\/p>\n<p>&nbsp;<\/p>\n<p>\u201cDevido a demanda reprimida de exames de ultrassonografia, a Secretaria de Sa\u00fade de Penedo levou os m\u00e9dicos do Centro de Diagn\u00f3stico para realizar o procedimento nas usu\u00e1rias do SUS atendidas na UBS S\u00e3o Jos\u00e9\u201d, disse o Diretor de Aten\u00e7\u00e3o Especializada, Maciel Oliveira.<\/p>\n<p>&nbsp;<\/p>\n<p>Os exames realizados hoje ter\u00e3o os resultados entregues na pr\u00f3pria unidade de sa\u00fade, a partir de segunda-feira, 15.<\/p>\n<p>&nbsp;<\/p>\n<p>Para mais informa\u00e7\u00f5es, entrar em contato no WhatsApp da SEMS no n\u00famero \u2013 (82) 99925.5743.<\/p>\n<p>&nbsp;<\/p>\n<p>&nbsp;<\/p>\n<p><strong>por Gabriela Flores \u2013 jornalista e social media SEMS<\/strong><\/p>\n<p>&nbsp;<\/p>\n","protected":false},"excerpt":{"rendered":"<p>A Prefeitura de Penedo, atrav\u00e9s da Secretaria Municipal de Sa\u00fade (SEMS), realizou um mutir\u00e3o de ultrassonografias na Unidade de Sa\u00fade da Fam\u00edlia Ant\u00f4nia Leite da Silva, situado no Loteamento S\u00e3o Jos\u00e9, parte alta da cidade. &nbsp; A a\u00e7\u00e3o realizada nesta quinta-feira, 11, diminui a demanda de exames do Centro de Diagn\u00f3stico, setor em obras devido &hellip;<\/p>\n","protected":false},"author":2,"featured_media":24619,"comment_status":"open","ping_status":"open","sticky":false,"template":"","format":"standard","meta":{"_jetpack_memberships_contains_paid_content":false,"footnotes":""},"categories":[1,3],"tags":[],"class_list":["post-24618","post","type-post","status-publish","format-standard","has-post-thumbnail","hentry","category-destaque","category-penedo"],"jetpack_featured_media_url":"https:\/\/www.oparanews.com.br\/wp-content\/uploads\/2022\/08\/mutirao-ultrassonagrafia-penedo-1-1068x798-1.jpeg","jetpack_sharing_enabled":true,"_links":{"self":[{"href":"https:\/\/www.oparanews.com.br\/index.php\/wp-json\/wp\/v2\/posts\/24618","targetHints":{"allow":["GET"]}}],"collection":[{"href":"https:\/\/www.oparanews.com.br\/index.php\/wp-json\/wp\/v2\/posts"}],"about":[{"href":"https:\/\/www.oparanews.com.br\/index.php\/wp-json\/wp\/v2\/types\/post"}],"author":[{"embeddable":true,"href":"https:\/\/www.oparanews.com.br\/index.php\/wp-json\/wp\/v2\/users\/2"}],"replies":[{"embeddable":true,"href":"https:\/\/www.oparanews.com.br\/index.php\/wp-json\/wp\/v2\/comments?post=24618"}],"version-history":[{"count":1,"href":"https:\/\/www.oparanews.com.br\/index.php\/wp-json\/wp\/v2\/posts\/24618\/revisions"}],"predecessor-version":[{"id":24620,"href":"https:\/\/www.oparanews.com.br\/index.php\/wp-json\/wp\/v2\/posts\/24618\/revisions\/24620"}],"wp:featuredmedia":[{"embeddable":true,"href":"https:\/\/www.oparanews.com.br\/index.php\/wp-json\/wp\/v2\/media\/24619"}],"wp:attachment":[{"href":"https:\/\/www.oparanews.com.br\/index.php\/wp-json\/wp\/v2\/media?parent=24618"}],"wp:term":[{"taxonomy":"category","embeddable":true,"href":"https:\/\/www.oparanews.com.br\/index.php\/wp-json\/wp\/v2\/categories?post=24618"},{"taxonomy":"post_tag","embeddable":true,"href":"https:\/\/www.oparanews.com.br\/index.php\/wp-json\/wp\/v2\/tags?post=24618"}],"curies":[{"name":"wp","href":"https:\/\/api.w.org\/{rel}","templated":true}]}}