{"id":24649,"date":"2022-08-14T22:05:53","date_gmt":"2022-08-15T01:05:53","guid":{"rendered":"https:\/\/www.oparanews.com.br\/?p=24649"},"modified":"2022-08-15T15:47:59","modified_gmt":"2022-08-15T18:47:59","slug":"policia-descarta-participacao-de-funcionarios-de-carlinhos-maia-no-furto","status":"publish","type":"post","link":"https:\/\/www.oparanews.com.br\/index.php\/2022\/08\/14\/policia-descarta-participacao-de-funcionarios-de-carlinhos-maia-no-furto\/","title":{"rendered":"Pol\u00edcia descarta participa\u00e7\u00e3o de funcion\u00e1rios de Carlinhos Maia no furto"},"content":{"rendered":"<p>Ap\u00f3s conseguir\u00a0recuperar o rel\u00f3gio e os diamantes furtados\u00a0do apartamento de\u00a0Carlinhos Maia\u00a0e Lucas Guimar\u00e3es, a Pol\u00edcia Civil de Alagoas descartou que os criminosos tenham recebido ajuda de qualquer funcion\u00e1rio dos influenciadores.\u00a0O furto aconteceu no dia 30 de maio. Detalhes da investiga\u00e7\u00e3o foram passados em entrevista coletiva neste s\u00e1bado (13).<\/p>\n<figure id=\"attachment_24652\" aria-describedby=\"caption-attachment-24652\" style=\"width: 1000px\" class=\"wp-caption aligncenter\"><a href=\"http:\/\/www.oparanews.com.br\/wp-content\/uploads\/2022\/08\/relogio-e-colar-de-diamantes-carlinhos-maia-ricardo-amaral-tv-gazeta.jpeg\"><img loading=\"lazy\" decoding=\"async\" class=\"size-full wp-image-24652\" src=\"http:\/\/www.oparanews.com.br\/wp-content\/uploads\/2022\/08\/relogio-e-colar-de-diamantes-carlinhos-maia-ricardo-amaral-tv-gazeta.jpeg\" alt=\"\" width=\"1000\" height=\"750\" srcset=\"https:\/\/www.oparanews.com.br\/wp-content\/uploads\/2022\/08\/relogio-e-colar-de-diamantes-carlinhos-maia-ricardo-amaral-tv-gazeta.jpeg 1000w, https:\/\/www.oparanews.com.br\/wp-content\/uploads\/2022\/08\/relogio-e-colar-de-diamantes-carlinhos-maia-ricardo-amaral-tv-gazeta-300x225.jpeg 300w, https:\/\/www.oparanews.com.br\/wp-content\/uploads\/2022\/08\/relogio-e-colar-de-diamantes-carlinhos-maia-ricardo-amaral-tv-gazeta-768x576.jpeg 768w\" sizes=\"auto, (max-width: 1000px) 100vw, 1000px\" \/><\/a><figcaption id=\"caption-attachment-24652\" class=\"wp-caption-text\">Ricardo Amaral\/TV Gazeta<\/figcaption><\/figure>\n<p>Logo ap\u00f3s o furto, foi levantada a hip\u00f3tese de que os\u00a0criminosos tiveram acesso a informa\u00e7\u00f5es privilegiadas do im\u00f3vel\u00a0e funcion\u00e1rios dos influenciadores chegaram a prestar depoimento no inqu\u00e9rito policial, mas nenhum deles foi preso ou indiciado. Agora, com a\u00a0confiss\u00e3o de um dos homens presos, essa hip\u00f3tese foi completamente descartada.<\/p>\n<p>&nbsp;<\/p>\n<p>&#8220;N\u00f3s trabalhamos com muitos nomes e com muitas informa\u00e7\u00f5es. Ent\u00e3o as pessoas que n\u00e3o tinham envolvimento com o crime foram descartadas, como empresas de seguran\u00e7a e funcion\u00e1rios que prestam servi\u00e7o ao empreendimento ou a pr\u00f3pria v\u00edtima&#8221;, explicou o delegado.<\/p>\n<p>&nbsp;<\/p>\n<p>Dias ap\u00f3s o furto, toda a equipe de funcion\u00e1rios de Carlinhos Maia foi demitida. Nesta sexta (12), o pr\u00f3prio influenciador informou, atrav\u00e9s de postagens na suas redes sociais, que o motivo da demiss\u00e3o dessas pessoas est\u00e1 relacionado a projetos futuros e que n\u00e3o tinha rela\u00e7\u00e3o com o furto das j\u00f3ias.<\/p>\n<p>&nbsp;<\/p>\n<p>Eliabio Cust\u00f3dio Nepomuceno e Wellington Medeiros da Silva\u00a0foram presos no dia 7 de junho\u00a0e continuam no pres\u00eddio em\u00a0Macei\u00f3. Com eles, foi preso tamb\u00e9m\u00a0Emerson de Holanda Lira, que conseguiu o direito de responder ao crime em liberdade.<\/p>\n<p>&nbsp;<\/p>\n<p>A Pol\u00edcia Civil n\u00e3o informou, por\u00e9m, qual dos presos confessou o crime e levou os investigadores ao local onde as joias estavam enterradas, em\u00a0Campina Grande (PB). H\u00e1 outros suspeitos sendo investigados, mas n\u00e3o foram passadas informa\u00e7\u00f5es sobre eles.<\/p>\n<p>&nbsp;<\/p>\n<p>Thiago Ara\u00fajo, advogado que responde pela defesa de Eliabio, informou que seu cliente colaborou com as investiga\u00e7\u00f5es, mas n\u00e3o deu mais detalhes sobre qual tipo de colabora\u00e7\u00e3o. J\u00e1 o advogado Evanildo Nogueira, que responde pela defesa de Wellington, disse que iria se pronunciar sobre o caso na pr\u00f3xima segunda-feira (15).<\/p>\n<p>&nbsp;<\/p>\n<p>Segundo as investiga\u00e7\u00f5es, os criminosos identificaram que o sistema de seguran\u00e7a d\u00e1 falsos alarmes quando chove, ent\u00e3o esperaram um dia de chuva para executar o crime. &#8220;Sabendo disse, esperou o dia de chuva e foi progredindo ali, manuseando aquela escada at\u00e9 alcan\u00e7ar o apartamento da v\u00edtima, que havia estudado por 28 dias&#8221;, disse Lucim\u00e9rio Campos.<\/p>\n<p>&nbsp;<\/p>\n<p><strong>Exame de DNA no carro apreendido com suspeitos<\/strong><\/p>\n<p>&nbsp;<\/p>\n<p>Segundo a Pol\u00edcia Cient\u00edfica de Alagoas, exames de DNA apontaram que o material gen\u00e9tico encontrado no\u00a0carro usado no crime\u00a0bate com o de um dos\u00a0homens presos em junho.<\/p>\n<p>&nbsp;<\/p>\n<p>&#8220;A princ\u00edpio ele [autor que confessou o crime] imaginava que n\u00f3s t\u00ednhamos apenas o v\u00ednculo dele com o carro, ent\u00e3o ele tentava se desvencilhar do crime informando que tinha adquirido o carro depois do fato, mas depois que demostramos que o carro j\u00e1 estava com ele e que foi usado em um furto em outro estado, n\u00f3s conseguimos convenc\u00ea-lo de que a melhor oportunidade para ele era aquela e que desse pistas porque ele preso n\u00e3o conseguiria pegar as coisas [j\u00f3ias]&#8221;, pontuou o delegado L\u00facim\u00e9rio Campos, que comandou a investiga\u00e7\u00e3o.<\/p>\n<figure id=\"attachment_24651\" aria-describedby=\"caption-attachment-24651\" style=\"width: 1000px\" class=\"wp-caption aligncenter\"><a href=\"http:\/\/www.oparanews.com.br\/wp-content\/uploads\/2022\/08\/whatsapp-image-2022-08-13-at-18.29.18.jpeg\"><img loading=\"lazy\" decoding=\"async\" class=\"size-full wp-image-24651\" src=\"http:\/\/www.oparanews.com.br\/wp-content\/uploads\/2022\/08\/whatsapp-image-2022-08-13-at-18.29.18.jpeg\" alt=\"\" width=\"1000\" height=\"750\" srcset=\"https:\/\/www.oparanews.com.br\/wp-content\/uploads\/2022\/08\/whatsapp-image-2022-08-13-at-18.29.18.jpeg 1000w, https:\/\/www.oparanews.com.br\/wp-content\/uploads\/2022\/08\/whatsapp-image-2022-08-13-at-18.29.18-300x225.jpeg 300w, https:\/\/www.oparanews.com.br\/wp-content\/uploads\/2022\/08\/whatsapp-image-2022-08-13-at-18.29.18-768x576.jpeg 768w\" sizes=\"auto, (max-width: 1000px) 100vw, 1000px\" \/><\/a><figcaption id=\"caption-attachment-24651\" class=\"wp-caption-text\">Ricardo Amaral\/TV Gazeta<\/figcaption><\/figure>\n<p>Entre os materiais furtados est\u00e3o o colar de diamantes avaliado em R$ 1,5 milh\u00e3o, com pedras marcadas com grava\u00e7\u00e3o a laser, um rel\u00f3gio avaliado em quase R$ 1 milh\u00e3o e um cofre.<\/p>\n<p>&nbsp;<\/p>\n<p>O delegado informou ainda que sempre trabalhou com a possibilidade de recuperar as j\u00f3ias por saber que eram objetos de dif\u00edcil comercializa\u00e7\u00e3o.\u00a0O delegado disse ainda que h\u00e1 tr\u00eas dias descobriu o paradeiro das j\u00f3ias e que comunicou o fato a Carlinhos Maia.<\/p>\n<p>&nbsp;<\/p>\n<p>&#8220;A v\u00edtima ficou muito emocionada e informou que foi acusado de simular essa situa\u00e7\u00e3o para ganhar visualiza\u00e7\u00f5es e seguidores. Mas, de fato foi um furto, ele foi v\u00edtima de crime patrimonial e hoje vamos poder entregar os seus pertences e encerrar o inqu\u00e9rito. Acreditamos que vamos identificar mais dois suspeitos que ainda n\u00e3o foram identificados&#8221;, explicou Campos.<\/p>\n<p>&nbsp;<\/p>\n<p>&nbsp;<\/p>\n<p><strong>por Erik Maia e Ricardo Amaral, g1 AL e TV Gazeta<\/strong><\/p>\n<p>&nbsp;<\/p>\n","protected":false},"excerpt":{"rendered":"<p>Ap\u00f3s conseguir\u00a0recuperar o rel\u00f3gio e os diamantes furtados\u00a0do apartamento de\u00a0Carlinhos Maia\u00a0e Lucas Guimar\u00e3es, a Pol\u00edcia Civil de Alagoas descartou que os criminosos tenham recebido ajuda de qualquer funcion\u00e1rio dos influenciadores.\u00a0O furto aconteceu no dia 30 de maio. Detalhes da investiga\u00e7\u00e3o foram passados em entrevista coletiva neste s\u00e1bado (13). Logo ap\u00f3s o furto, foi levantada a &hellip;<\/p>\n","protected":false},"author":2,"featured_media":24650,"comment_status":"open","ping_status":"open","sticky":false,"template":"","format":"standard","meta":{"_jetpack_memberships_contains_paid_content":false,"footnotes":""},"categories":[4,1,3],"tags":[],"class_list":["post-24649","post","type-post","status-publish","format-standard","has-post-thumbnail","hentry","category-alagoas","category-destaque","category-penedo"],"jetpack_featured_media_url":"https:\/\/www.oparanews.com.br\/wp-content\/uploads\/2022\/08\/carlinhos-maia.jpg","jetpack_sharing_enabled":true,"_links":{"self":[{"href":"https:\/\/www.oparanews.com.br\/index.php\/wp-json\/wp\/v2\/posts\/24649","targetHints":{"allow":["GET"]}}],"collection":[{"href":"https:\/\/www.oparanews.com.br\/index.php\/wp-json\/wp\/v2\/posts"}],"about":[{"href":"https:\/\/www.oparanews.com.br\/index.php\/wp-json\/wp\/v2\/types\/post"}],"author":[{"embeddable":true,"href":"https:\/\/www.oparanews.com.br\/index.php\/wp-json\/wp\/v2\/users\/2"}],"replies":[{"embeddable":true,"href":"https:\/\/www.oparanews.com.br\/index.php\/wp-json\/wp\/v2\/comments?post=24649"}],"version-history":[{"count":2,"href":"https:\/\/www.oparanews.com.br\/index.php\/wp-json\/wp\/v2\/posts\/24649\/revisions"}],"predecessor-version":[{"id":24670,"href":"https:\/\/www.oparanews.com.br\/index.php\/wp-json\/wp\/v2\/posts\/24649\/revisions\/24670"}],"wp:featuredmedia":[{"embeddable":true,"href":"https:\/\/www.oparanews.com.br\/index.php\/wp-json\/wp\/v2\/media\/24650"}],"wp:attachment":[{"href":"https:\/\/www.oparanews.com.br\/index.php\/wp-json\/wp\/v2\/media?parent=24649"}],"wp:term":[{"taxonomy":"category","embeddable":true,"href":"https:\/\/www.oparanews.com.br\/index.php\/wp-json\/wp\/v2\/categories?post=24649"},{"taxonomy":"post_tag","embeddable":true,"href":"https:\/\/www.oparanews.com.br\/index.php\/wp-json\/wp\/v2\/tags?post=24649"}],"curies":[{"name":"wp","href":"https:\/\/api.w.org\/{rel}","templated":true}]}}