{"id":24661,"date":"2022-08-15T15:38:23","date_gmt":"2022-08-15T18:38:23","guid":{"rendered":"https:\/\/www.oparanews.com.br\/?p=24661"},"modified":"2022-08-15T15:47:18","modified_gmt":"2022-08-15T18:47:18","slug":"prefeitura-de-penedo-e-igps-promovem-show-de-premio-do-dia-dos-pais","status":"publish","type":"post","link":"https:\/\/www.oparanews.com.br\/index.php\/2022\/08\/15\/prefeitura-de-penedo-e-igps-promovem-show-de-premio-do-dia-dos-pais\/","title":{"rendered":"Prefeitura de Penedo e IGPS promovem Show de Pr\u00eamio do Dia dos Pais"},"content":{"rendered":"<p>Pais das crian\u00e7as matriculadas na Educa\u00e7\u00e3o Infantil se divertiram com seus filhos no Show de Pr\u00eamios promovido pela Prefeitura de Penedo e o Instituto de Gest\u00e3o de Pol\u00edticas P\u00fablicas Sociais (IGPS).<\/p>\n<p>&nbsp;<\/p>\n<p>A confraterniza\u00e7\u00e3o organizada por meio da Secretaria Municipal de Educa\u00e7\u00e3o (Semed) foi realizada na tarde do \u00faltimo s\u00e1bado, 13, no gin\u00e1sio Dom Bosco, espa\u00e7o cedido pela institui\u00e7\u00e3o de assist\u00eancia social Centro Juvenil Irm\u00e3 Auxiliadora.<\/p>\n<p>&nbsp;<\/p>\n<p>Enquanto as crian\u00e7as curtiam os brinquedos instalados na rua, sob a supervis\u00e3o de servidores da Semed e do IGPS, os adultos marcavam a cartela do bingo que sorteou diversos pr\u00eamios.<\/p>\n<p>&nbsp;<\/p>\n<p>A festa realizada para fortalecer a rela\u00e7\u00e3o entre pais e filhos tamb\u00e9m contou com show art\u00edstico e anima\u00e7\u00e3o da Podderosa.<\/p>\n<p>&nbsp;<\/p>\n<p>&nbsp;<\/p>\n<p>&nbsp;<\/p>\n<p><strong>Fonte: Secom PMP<\/strong><\/p>\n<p>&nbsp;<\/p>\n","protected":false},"excerpt":{"rendered":"<p>Pais das crian\u00e7as matriculadas na Educa\u00e7\u00e3o Infantil se divertiram com seus filhos no Show de Pr\u00eamios promovido pela Prefeitura de Penedo e o Instituto de Gest\u00e3o de Pol\u00edticas P\u00fablicas Sociais (IGPS). &nbsp; A confraterniza\u00e7\u00e3o organizada por meio da Secretaria Municipal de Educa\u00e7\u00e3o (Semed) foi realizada na tarde do \u00faltimo s\u00e1bado, 13, no gin\u00e1sio Dom Bosco, &hellip;<\/p>\n","protected":false},"author":2,"featured_media":24662,"comment_status":"open","ping_status":"open","sticky":false,"template":"","format":"standard","meta":{"_jetpack_memberships_contains_paid_content":false,"footnotes":""},"categories":[1,3],"tags":[],"class_list":["post-24661","post","type-post","status-publish","format-standard","has-post-thumbnail","hentry","category-destaque","category-penedo"],"jetpack_featured_media_url":"https:\/\/www.oparanews.com.br\/wp-content\/uploads\/2022\/08\/show-premios-dia-pais-semed-penedo-foto-deywisson-duarte-2-1068x712-1.jpeg","jetpack_sharing_enabled":true,"_links":{"self":[{"href":"https:\/\/www.oparanews.com.br\/index.php\/wp-json\/wp\/v2\/posts\/24661","targetHints":{"allow":["GET"]}}],"collection":[{"href":"https:\/\/www.oparanews.com.br\/index.php\/wp-json\/wp\/v2\/posts"}],"about":[{"href":"https:\/\/www.oparanews.com.br\/index.php\/wp-json\/wp\/v2\/types\/post"}],"author":[{"embeddable":true,"href":"https:\/\/www.oparanews.com.br\/index.php\/wp-json\/wp\/v2\/users\/2"}],"replies":[{"embeddable":true,"href":"https:\/\/www.oparanews.com.br\/index.php\/wp-json\/wp\/v2\/comments?post=24661"}],"version-history":[{"count":1,"href":"https:\/\/www.oparanews.com.br\/index.php\/wp-json\/wp\/v2\/posts\/24661\/revisions"}],"predecessor-version":[{"id":24663,"href":"https:\/\/www.oparanews.com.br\/index.php\/wp-json\/wp\/v2\/posts\/24661\/revisions\/24663"}],"wp:featuredmedia":[{"embeddable":true,"href":"https:\/\/www.oparanews.com.br\/index.php\/wp-json\/wp\/v2\/media\/24662"}],"wp:attachment":[{"href":"https:\/\/www.oparanews.com.br\/index.php\/wp-json\/wp\/v2\/media?parent=24661"}],"wp:term":[{"taxonomy":"category","embeddable":true,"href":"https:\/\/www.oparanews.com.br\/index.php\/wp-json\/wp\/v2\/categories?post=24661"},{"taxonomy":"post_tag","embeddable":true,"href":"https:\/\/www.oparanews.com.br\/index.php\/wp-json\/wp\/v2\/tags?post=24661"}],"curies":[{"name":"wp","href":"https:\/\/api.w.org\/{rel}","templated":true}]}}