{"id":24674,"date":"2022-08-16T15:29:33","date_gmt":"2022-08-16T18:29:33","guid":{"rendered":"https:\/\/www.oparanews.com.br\/?p=24674"},"modified":"2022-08-16T15:29:33","modified_gmt":"2022-08-16T18:29:33","slug":"criminosos-mataram-motorista-e-roubaram-objetos-do-carro-diz-delegado","status":"publish","type":"post","link":"https:\/\/www.oparanews.com.br\/index.php\/2022\/08\/16\/criminosos-mataram-motorista-e-roubaram-objetos-do-carro-diz-delegado\/","title":{"rendered":"Criminosos mataram motorista e roubaram objetos do carro, diz delegado"},"content":{"rendered":"<p>A Pol\u00edcia Civil de Alagoas informou nesta ter\u00e7a-feira (16) que a motorista por aplicativo encontrada morta na noite de segunda (15) em Macei\u00f3 foi v\u00edtima de um latroc\u00ednio. Segundo as investiga\u00e7\u00f5es, os criminosos que assassinaram a v\u00edtima roubaram objetos do carro dela. At\u00e9 esta tarde, nenhum suspeito tinha sido preso.<\/p>\n<p>&nbsp;<\/p>\n<p>Amanda Pereira Santos, de 27 anos, desapareceu ap\u00f3s aceitar fazer uma corrida saindo de Rio Largo com destino a Marechal Deodoro, durante a tarde. Depois disso, parentes e colegas de trabalho perderam contato com ela.<\/p>\n<p>&nbsp;<\/p>\n<p>De acordo com o delegado-geral da Pol\u00edcia Civil, Gustavo Xavier, foram roubados o estepe do ve\u00edculo, o aparelho de som e, possivelmente, uma quantia em dinheiro. &#8220;Esses objetos levados caracterizam latroc\u00ednio&#8221;, disse.<\/p>\n<p>&nbsp;<\/p>\n<p>O corpo da v\u00edtima foi localizado no Benedito Bentes e levado para o Instituto M\u00e9dico Legal (IML), para exame de necropsia. A Pol\u00edcia Civil adiantou que Amanda foi morta por esganadura e que o corpo n\u00e3o tinha marcas de tiros ou facada, mas o laudo da per\u00edcia n\u00e3o tinha sido divulgado at\u00e9 a \u00faltima atualiza\u00e7\u00e3o dessa reportagem.<\/p>\n<p>&nbsp;<\/p>\n<p>J\u00e1 o carro dirigido por ela foi localizado entre os conjuntos Village Campestre e Eust\u00e1quio Gomes, pr\u00f3ximo ao terminal de \u00f4nibus. O ve\u00edculo era um Volkswagem Voyage, de cor prata.<\/p>\n<p>&nbsp;<\/p>\n<p>Na manh\u00e3 desta ter\u00e7a (16), outros motoristas por aplicativo fizeram protestos no Farol e no Antares para cobrar mais seguran\u00e7a. Os manifestantes bloquearam as avenidas Fernandes Lima e Menino Marcelo, impedindo o tr\u00e1fego de ve\u00edculos.<\/p>\n<p>&nbsp;<\/p>\n<p><strong>Cria\u00e7\u00e3o de aplicativo<\/strong><\/p>\n<p>&nbsp;<\/p>\n<p>Ap\u00f3s o crime com a Amanda, o delegado-geral da Pol\u00edcia Civil, Gustavo Xavier, falou sobre a cria\u00e7\u00e3o de um aplicativo que vai monitorar todo o trajeto feito por mulheres que dirigem por apps.<\/p>\n<p>&nbsp;<\/p>\n<p>&#8220;O aplicativo vai se chamar Salve Maria, que tem como objetivo acompanhar o trajeto dessa mulher que est\u00e1 trabalhando, dirigindo o ve\u00edculo com o passageiro praticamente de forma online&#8221;, disse.<\/p>\n<p>&nbsp;<\/p>\n<p>&nbsp;<\/p>\n<p>&nbsp;<\/p>\n<p>&nbsp;<\/p>\n<p><strong>Fonte: G1\/AL<\/strong><\/p>\n<p>&nbsp;<\/p>\n","protected":false},"excerpt":{"rendered":"<p>A Pol\u00edcia Civil de Alagoas informou nesta ter\u00e7a-feira (16) que a motorista por aplicativo encontrada morta na noite de segunda (15) em Macei\u00f3 foi v\u00edtima de um latroc\u00ednio. Segundo as investiga\u00e7\u00f5es, os criminosos que assassinaram a v\u00edtima roubaram objetos do carro dela. At\u00e9 esta tarde, nenhum suspeito tinha sido preso. &nbsp; Amanda Pereira Santos, de &hellip;<\/p>\n","protected":false},"author":2,"featured_media":24675,"comment_status":"open","ping_status":"open","sticky":false,"template":"","format":"standard","meta":{"_jetpack_memberships_contains_paid_content":false,"footnotes":""},"categories":[4],"tags":[],"class_list":["post-24674","post","type-post","status-publish","format-standard","has-post-thumbnail","hentry","category-alagoas"],"jetpack_featured_media_url":"https:\/\/www.oparanews.com.br\/wp-content\/uploads\/2022\/08\/Sem-titulo-1.jpg","jetpack_sharing_enabled":true,"_links":{"self":[{"href":"https:\/\/www.oparanews.com.br\/index.php\/wp-json\/wp\/v2\/posts\/24674","targetHints":{"allow":["GET"]}}],"collection":[{"href":"https:\/\/www.oparanews.com.br\/index.php\/wp-json\/wp\/v2\/posts"}],"about":[{"href":"https:\/\/www.oparanews.com.br\/index.php\/wp-json\/wp\/v2\/types\/post"}],"author":[{"embeddable":true,"href":"https:\/\/www.oparanews.com.br\/index.php\/wp-json\/wp\/v2\/users\/2"}],"replies":[{"embeddable":true,"href":"https:\/\/www.oparanews.com.br\/index.php\/wp-json\/wp\/v2\/comments?post=24674"}],"version-history":[{"count":1,"href":"https:\/\/www.oparanews.com.br\/index.php\/wp-json\/wp\/v2\/posts\/24674\/revisions"}],"predecessor-version":[{"id":24676,"href":"https:\/\/www.oparanews.com.br\/index.php\/wp-json\/wp\/v2\/posts\/24674\/revisions\/24676"}],"wp:featuredmedia":[{"embeddable":true,"href":"https:\/\/www.oparanews.com.br\/index.php\/wp-json\/wp\/v2\/media\/24675"}],"wp:attachment":[{"href":"https:\/\/www.oparanews.com.br\/index.php\/wp-json\/wp\/v2\/media?parent=24674"}],"wp:term":[{"taxonomy":"category","embeddable":true,"href":"https:\/\/www.oparanews.com.br\/index.php\/wp-json\/wp\/v2\/categories?post=24674"},{"taxonomy":"post_tag","embeddable":true,"href":"https:\/\/www.oparanews.com.br\/index.php\/wp-json\/wp\/v2\/tags?post=24674"}],"curies":[{"name":"wp","href":"https:\/\/api.w.org\/{rel}","templated":true}]}}