{"id":24677,"date":"2022-08-16T15:33:37","date_gmt":"2022-08-16T18:33:37","guid":{"rendered":"https:\/\/www.oparanews.com.br\/?p=24677"},"modified":"2022-08-16T15:33:37","modified_gmt":"2022-08-16T18:33:37","slug":"parceria-entre-prefeitura-de-penedo-e-sebrae-regulariza-situacao-dos-meis","status":"publish","type":"post","link":"https:\/\/www.oparanews.com.br\/index.php\/2022\/08\/16\/parceria-entre-prefeitura-de-penedo-e-sebrae-regulariza-situacao-dos-meis\/","title":{"rendered":"Parceria entre Prefeitura de Penedo e Sebrae regulariza situa\u00e7\u00e3o dos MEIs"},"content":{"rendered":"<p>No pr\u00f3ximo dia 31 de agosto, a Prefeitura de Penedo e o Sebrae Alagoas promovem a campanha de regulariza\u00e7\u00e3o para Microempreendedor Individual (MEI) na Pra\u00e7a Ces\u00e1rio Proc\u00f3pio dos Martyres, na Cohab.<\/p>\n<p>&nbsp;<\/p>\n<p>A parceria descentraliza a orienta\u00e7\u00e3o que est\u00e1 dispon\u00edvel diariamente na Sala do Empreendedor que funciona na Secretaria Municipal de Desenvolvimento Econ\u00f4mico, Com\u00e9rcio e Ind\u00fastria (Sedecin).<\/p>\n<p>&nbsp;<\/p>\n<p>\u201cNosso pessoal est\u00e1 \u00e0 disposi\u00e7\u00e3o dos MEIs para verificar a situa\u00e7\u00e3o deles e orientar sobre a regulariza\u00e7\u00e3o, inclusive imprimindo as guias para pagamento, se for o caso. \u00c9 importante que os microempreendedores observem se est\u00e3o em d\u00e9bito que pode ser parcelado para anos anteriores\u201d, informa Pedro Soares, gestor da Sedecin.<\/p>\n<p>&nbsp;<\/p>\n<p>Ainda segundo o Secret\u00e1rio Municipal de Desenvolvimento Econ\u00f4mico, mais de 50% dos MEIs ativos em Penedo est\u00e3o em d\u00e9bito com a Receita Federal.<\/p>\n<p>&nbsp;<\/p>\n<p>O atendimento aos MEIs na Sedecin est\u00e1 dispon\u00edvel de segunda \u00e0 sexta-feira, das 8h00 ao meio-dia, na Rua Sete de Setembro, n\u00ba 116, Centro Hist\u00f3rico, vizinho da sede do Conselho Tutelar da Crian\u00e7a e do Adolescente.<\/p>\n<p>&nbsp;<\/p>\n<p><strong>MEI Inadimplente<\/strong><\/p>\n<p>&nbsp;<\/p>\n<p>O MEI inadimplente que n\u00e3o regularizar seus d\u00e9bitos at\u00e9 o final do m\u00eas, al\u00e9m de ter esses d\u00e9bitos inscritos em D\u00edvida Ativa e seus valores reajustados, poder\u00e1 sofrer as seguintes consequ\u00eancias:<\/p>\n<p>&nbsp;<\/p>\n<p>\u2666 Perder a qualidade de segurado no INSS e, com isso, deixar de usufruir dos benef\u00edcios previdenci\u00e1rios<\/p>\n<p>\u2666 Ser exclu\u00eddo dos regimes Simples Nacional e Simei pela RFB, Estados e Munic\u00edpios (art. 17, inciso V da LC 123\/06)<\/p>\n<p>\u2666 Ter dificuldade na obten\u00e7\u00e3o de financiamentos e empr\u00e9stimos<\/p>\n<p>&nbsp;<\/p>\n<p>&nbsp;<\/p>\n<p><strong>Fonte: Secom PMP<\/strong><\/p>\n<p>&nbsp;<\/p>\n","protected":false},"excerpt":{"rendered":"<p>No pr\u00f3ximo dia 31 de agosto, a Prefeitura de Penedo e o Sebrae Alagoas promovem a campanha de regulariza\u00e7\u00e3o para Microempreendedor Individual (MEI) na Pra\u00e7a Ces\u00e1rio Proc\u00f3pio dos Martyres, na Cohab. &nbsp; A parceria descentraliza a orienta\u00e7\u00e3o que est\u00e1 dispon\u00edvel diariamente na Sala do Empreendedor que funciona na Secretaria Municipal de Desenvolvimento Econ\u00f4mico, Com\u00e9rcio e &hellip;<\/p>\n","protected":false},"author":2,"featured_media":24678,"comment_status":"open","ping_status":"open","sticky":false,"template":"","format":"standard","meta":{"_jetpack_memberships_contains_paid_content":false,"footnotes":""},"categories":[1,3],"tags":[],"class_list":["post-24677","post","type-post","status-publish","format-standard","has-post-thumbnail","hentry","category-destaque","category-penedo"],"jetpack_featured_media_url":"https:\/\/www.oparanews.com.br\/wp-content\/uploads\/2022\/08\/mei.jpg","jetpack_sharing_enabled":true,"_links":{"self":[{"href":"https:\/\/www.oparanews.com.br\/index.php\/wp-json\/wp\/v2\/posts\/24677","targetHints":{"allow":["GET"]}}],"collection":[{"href":"https:\/\/www.oparanews.com.br\/index.php\/wp-json\/wp\/v2\/posts"}],"about":[{"href":"https:\/\/www.oparanews.com.br\/index.php\/wp-json\/wp\/v2\/types\/post"}],"author":[{"embeddable":true,"href":"https:\/\/www.oparanews.com.br\/index.php\/wp-json\/wp\/v2\/users\/2"}],"replies":[{"embeddable":true,"href":"https:\/\/www.oparanews.com.br\/index.php\/wp-json\/wp\/v2\/comments?post=24677"}],"version-history":[{"count":1,"href":"https:\/\/www.oparanews.com.br\/index.php\/wp-json\/wp\/v2\/posts\/24677\/revisions"}],"predecessor-version":[{"id":24679,"href":"https:\/\/www.oparanews.com.br\/index.php\/wp-json\/wp\/v2\/posts\/24677\/revisions\/24679"}],"wp:featuredmedia":[{"embeddable":true,"href":"https:\/\/www.oparanews.com.br\/index.php\/wp-json\/wp\/v2\/media\/24678"}],"wp:attachment":[{"href":"https:\/\/www.oparanews.com.br\/index.php\/wp-json\/wp\/v2\/media?parent=24677"}],"wp:term":[{"taxonomy":"category","embeddable":true,"href":"https:\/\/www.oparanews.com.br\/index.php\/wp-json\/wp\/v2\/categories?post=24677"},{"taxonomy":"post_tag","embeddable":true,"href":"https:\/\/www.oparanews.com.br\/index.php\/wp-json\/wp\/v2\/tags?post=24677"}],"curies":[{"name":"wp","href":"https:\/\/api.w.org\/{rel}","templated":true}]}}