{"id":24683,"date":"2022-08-16T15:37:35","date_gmt":"2022-08-16T18:37:35","guid":{"rendered":"https:\/\/www.oparanews.com.br\/?p=24683"},"modified":"2022-08-16T15:37:35","modified_gmt":"2022-08-16T18:37:35","slug":"apos-uma-espera-de-32-anos-penedo-deve-recuperar-uma-cadeira-na-ale","status":"publish","type":"post","link":"https:\/\/www.oparanews.com.br\/index.php\/2022\/08\/16\/apos-uma-espera-de-32-anos-penedo-deve-recuperar-uma-cadeira-na-ale\/","title":{"rendered":"Ap\u00f3s uma espera de 32 anos, Penedo deve recuperar uma cadeira na ALE"},"content":{"rendered":"<p>Com o slogan \u201c Agora a Gente Tem Vez\u201d, o jovem candidato a deputado estadual Guilherme Lopes divulgou o n\u00famero 15888, o \u00fanico que devolver\u00e1 a import\u00e2ncia de Penedo e da regi\u00e3o na Assembleia Legislativa Estadual nas elei\u00e7\u00f5es deste ano.<\/p>\n<p>&nbsp;<\/p>\n<p>\u201cA espera acabou! Nossa candidatura a Deputado Estadual agora \u00e9 oficial!\u201d, disse o leg\u00edtimo representante das cidades ribeirinhas para representar os alagoanos na ALE.<\/p>\n<p>&nbsp;<\/p>\n<p>Ainda em suas redes sociais, o ex-secret\u00e1rio de sa\u00fade de Penedo afirmou: \u201cVamos juntos lutar e percorrer os quatro cantos do nosso Estado, mostrando que \u00e9 poss\u00edvel fazer uma pol\u00edtica diferente\u201d.<\/p>\n<p>&nbsp;<\/p>\n<p>Guilherme Lopes n\u00e3o deixa d\u00favidas que vai trabalhar pela popula\u00e7\u00e3o alagoana sem medir esfor\u00e7os. \u201cVoc\u00eas podem contar comigo para dar voz e vez para o nosso povo. Agora a Gente Tem Vez!\u201d.<\/p>\n<p>&nbsp;<\/p>\n<p>&nbsp;<\/p>\n<p>&nbsp;<\/p>\n<p><strong>Fonte: Assessoria<\/strong><\/p>\n<p>&nbsp;<\/p>\n","protected":false},"excerpt":{"rendered":"<p>Com o slogan \u201c Agora a Gente Tem Vez\u201d, o jovem candidato a deputado estadual Guilherme Lopes divulgou o n\u00famero 15888, o \u00fanico que devolver\u00e1 a import\u00e2ncia de Penedo e da regi\u00e3o na Assembleia Legislativa Estadual nas elei\u00e7\u00f5es deste ano. &nbsp; \u201cA espera acabou! Nossa candidatura a Deputado Estadual agora \u00e9 oficial!\u201d, disse o leg\u00edtimo &hellip;<\/p>\n","protected":false},"author":2,"featured_media":24684,"comment_status":"open","ping_status":"open","sticky":false,"template":"","format":"standard","meta":{"_jetpack_memberships_contains_paid_content":false,"footnotes":""},"categories":[1,3],"tags":[],"class_list":["post-24683","post","type-post","status-publish","format-standard","has-post-thumbnail","hentry","category-destaque","category-penedo"],"jetpack_featured_media_url":"https:\/\/www.oparanews.com.br\/wp-content\/uploads\/2022\/08\/6697736F-3EC2-4B52-81E1-52369FD532EC.jpeg","jetpack_sharing_enabled":true,"_links":{"self":[{"href":"https:\/\/www.oparanews.com.br\/index.php\/wp-json\/wp\/v2\/posts\/24683","targetHints":{"allow":["GET"]}}],"collection":[{"href":"https:\/\/www.oparanews.com.br\/index.php\/wp-json\/wp\/v2\/posts"}],"about":[{"href":"https:\/\/www.oparanews.com.br\/index.php\/wp-json\/wp\/v2\/types\/post"}],"author":[{"embeddable":true,"href":"https:\/\/www.oparanews.com.br\/index.php\/wp-json\/wp\/v2\/users\/2"}],"replies":[{"embeddable":true,"href":"https:\/\/www.oparanews.com.br\/index.php\/wp-json\/wp\/v2\/comments?post=24683"}],"version-history":[{"count":1,"href":"https:\/\/www.oparanews.com.br\/index.php\/wp-json\/wp\/v2\/posts\/24683\/revisions"}],"predecessor-version":[{"id":24685,"href":"https:\/\/www.oparanews.com.br\/index.php\/wp-json\/wp\/v2\/posts\/24683\/revisions\/24685"}],"wp:featuredmedia":[{"embeddable":true,"href":"https:\/\/www.oparanews.com.br\/index.php\/wp-json\/wp\/v2\/media\/24684"}],"wp:attachment":[{"href":"https:\/\/www.oparanews.com.br\/index.php\/wp-json\/wp\/v2\/media?parent=24683"}],"wp:term":[{"taxonomy":"category","embeddable":true,"href":"https:\/\/www.oparanews.com.br\/index.php\/wp-json\/wp\/v2\/categories?post=24683"},{"taxonomy":"post_tag","embeddable":true,"href":"https:\/\/www.oparanews.com.br\/index.php\/wp-json\/wp\/v2\/tags?post=24683"}],"curies":[{"name":"wp","href":"https:\/\/api.w.org\/{rel}","templated":true}]}}