{"id":24706,"date":"2022-08-18T09:31:51","date_gmt":"2022-08-18T12:31:51","guid":{"rendered":"https:\/\/www.oparanews.com.br\/?p=24706"},"modified":"2022-08-18T09:31:51","modified_gmt":"2022-08-18T12:31:51","slug":"vereador-bili-marques-contextualiza-questionamentos-ao-secretario-de-desenvolvimento-social-e-habitacao","status":"publish","type":"post","link":"https:\/\/www.oparanews.com.br\/index.php\/2022\/08\/18\/vereador-bili-marques-contextualiza-questionamentos-ao-secretario-de-desenvolvimento-social-e-habitacao\/","title":{"rendered":"Vereador Bili Marques contextualiza questionamentos ao Secret\u00e1rio de Desenvolvimento Social e Habita\u00e7\u00e3o"},"content":{"rendered":"<p>Em sua interven\u00e7\u00e3o durante a sabatina ao Secret\u00e1rio Municipal de Desenvolvimento Social no plen\u00e1rio da C\u00e2mara na \u00faltima quinta-feira, 11, o Vereador Bili Marques contextualizou alguns questionamentos.<\/p>\n<p>&nbsp;<\/p>\n<p>O parlamentar falou sobre o pedido de informa\u00e7\u00e3o sobre a proced\u00eancia de servidores lotados na pasta, argumentando que a necessidade por profissional qualificado \u2013 venha de onde vier\/chegue de onde chegar, conforme disse, citando verso da can\u00e7\u00e3o famosa \u2013 est\u00e1 diretamente relacionada com a compet\u00eancia de quem assume o cargo.<\/p>\n<p>&nbsp;<\/p>\n<p>Al\u00e9m disso, se houver \u2018pessoa de fora\u2019 na pasta, n\u00e3o ser\u00e1 novidade em Penedo e \u00e9 bem-vindo para trabalhar, se assim tiver a capacidade, frisou Bili Marques.<\/p>\n<p>&nbsp;<\/p>\n<p>Sobre a quantidade informada de pessoas desalojadas ou desabrigadas pelas chuvas em Penedo aos governos estadual, federal e Defesa Civil, ele alertou que atende o padr\u00e3o normativo e ao contexto das consequ\u00eancias do desastre natural.<\/p>\n<p>&nbsp;<\/p>\n<p>Em rela\u00e7\u00e3o ao Dia da Solidariedade, sobre suposta den\u00fancia de venda de algum item por servidor, Bili Marques ressaltou que \u00e9 apenas \u2018oficiosa\u2019 e precisa ser examinada com cuidado, por Rafael Ferreira, para n\u00e3o cometer injusti\u00e7as com sua competente equipe de trabalho. Caso se confirme, as medidas administrativas cab\u00edveis precisar\u00e3o ser tomadas.<\/p>\n<p>&nbsp;<\/p>\n<p>Bili Marques tamb\u00e9m falou sobre o drama que sua fam\u00edlia viveu em 1969, ano de uma maiores cheias em Penedo, quando sua casa \u2013 mesmo pobre \u2013 acolheu mais tr\u00eas fam\u00edlias, todas desalojadas ou desabrigadas pela enchente do Rio S\u00e3o Francisco.<\/p>\n<p>&nbsp;<\/p>\n<p>O exemplo do passado serve como par\u00e2metro ao que ocorreu este ano no munic\u00edpio e parao envio da ajuda humanit\u00e1ria providenciada por meio da Secretaria Municipal de Desenvolvimento Social, ponto de partida para os benef\u00edcios repassados pelos governos estadual e federal.<\/p>\n<p>&nbsp;<\/p>\n<p>&nbsp;<\/p>\n<p>&nbsp;<\/p>\n<p><strong>Fonte: Ascom CMP<\/strong><\/p>\n<p>&nbsp;<\/p>\n","protected":false},"excerpt":{"rendered":"<p>Em sua interven\u00e7\u00e3o durante a sabatina ao Secret\u00e1rio Municipal de Desenvolvimento Social no plen\u00e1rio da C\u00e2mara na \u00faltima quinta-feira, 11, o Vereador Bili Marques contextualizou alguns questionamentos. &nbsp; O parlamentar falou sobre o pedido de informa\u00e7\u00e3o sobre a proced\u00eancia de servidores lotados na pasta, argumentando que a necessidade por profissional qualificado \u2013 venha de onde &hellip;<\/p>\n","protected":false},"author":2,"featured_media":24707,"comment_status":"open","ping_status":"open","sticky":false,"template":"","format":"standard","meta":{"_jetpack_memberships_contains_paid_content":false,"footnotes":""},"categories":[1,3],"tags":[],"class_list":["post-24706","post","type-post","status-publish","format-standard","has-post-thumbnail","hentry","category-destaque","category-penedo"],"jetpack_featured_media_url":"https:\/\/www.oparanews.com.br\/wp-content\/uploads\/2022\/08\/vereador-bili-penedo-e1651620763563.png","jetpack_sharing_enabled":true,"_links":{"self":[{"href":"https:\/\/www.oparanews.com.br\/index.php\/wp-json\/wp\/v2\/posts\/24706","targetHints":{"allow":["GET"]}}],"collection":[{"href":"https:\/\/www.oparanews.com.br\/index.php\/wp-json\/wp\/v2\/posts"}],"about":[{"href":"https:\/\/www.oparanews.com.br\/index.php\/wp-json\/wp\/v2\/types\/post"}],"author":[{"embeddable":true,"href":"https:\/\/www.oparanews.com.br\/index.php\/wp-json\/wp\/v2\/users\/2"}],"replies":[{"embeddable":true,"href":"https:\/\/www.oparanews.com.br\/index.php\/wp-json\/wp\/v2\/comments?post=24706"}],"version-history":[{"count":1,"href":"https:\/\/www.oparanews.com.br\/index.php\/wp-json\/wp\/v2\/posts\/24706\/revisions"}],"predecessor-version":[{"id":24708,"href":"https:\/\/www.oparanews.com.br\/index.php\/wp-json\/wp\/v2\/posts\/24706\/revisions\/24708"}],"wp:featuredmedia":[{"embeddable":true,"href":"https:\/\/www.oparanews.com.br\/index.php\/wp-json\/wp\/v2\/media\/24707"}],"wp:attachment":[{"href":"https:\/\/www.oparanews.com.br\/index.php\/wp-json\/wp\/v2\/media?parent=24706"}],"wp:term":[{"taxonomy":"category","embeddable":true,"href":"https:\/\/www.oparanews.com.br\/index.php\/wp-json\/wp\/v2\/categories?post=24706"},{"taxonomy":"post_tag","embeddable":true,"href":"https:\/\/www.oparanews.com.br\/index.php\/wp-json\/wp\/v2\/tags?post=24706"}],"curies":[{"name":"wp","href":"https:\/\/api.w.org\/{rel}","templated":true}]}}