{"id":24716,"date":"2022-08-18T19:31:34","date_gmt":"2022-08-18T22:31:34","guid":{"rendered":"https:\/\/www.oparanews.com.br\/?p=24716"},"modified":"2022-08-18T19:31:34","modified_gmt":"2022-08-18T22:31:34","slug":"simone-e-simaria-terminam-dupla-e-vao-seguir-em-carreira-solo","status":"publish","type":"post","link":"https:\/\/www.oparanews.com.br\/index.php\/2022\/08\/18\/simone-e-simaria-terminam-dupla-e-vao-seguir-em-carreira-solo\/","title":{"rendered":"Simone e Simaria terminam dupla e v\u00e3o seguir em carreira solo"},"content":{"rendered":"<p>Simone e Simaria anunciaram nesta quinta-feira (18) o fim da dupla ap\u00f3s dez anos. Elas v\u00e3o seguir cantando em carreira solo.<\/p>\n<p>&nbsp;<\/p>\n<p>Os shows que j\u00e1 estavam marcados ser\u00e3o realizados por Simone.<\/p>\n<p>&nbsp;<\/p>\n<p>Veja o que disse Simaria sobre o fim da dupla:<\/p>\n<p>&nbsp;<\/p>\n<p><em>&#8220;Me afastarei temporariamente dos palcos para cuidar dos meus filhos e da minha condi\u00e7\u00e3o vocal. Sigo cumprindo meus compromissos de publicidade e planejando os pr\u00f3ximos passos da minha carreira art\u00edstica. Aos nossos f\u00e3s, todo o meu carinho, amor e gratid\u00e3o, voc\u00eas s\u00e3o o meu combust\u00edvel para seguir adiante&#8221;<\/em><\/p>\n<p>Veja o que disse Simone sobre o fim da dupla:<\/p>\n<p>&nbsp;<\/p>\n<p><em>\u201cA minha vontade de estar nos palcos \u00e9 imensa e preciso fazer aquilo que amo! Seguirei cantando e levando toda a minha alegria e amor para os f\u00e3s de todo o Brasil. Em breve estarei de volta aos palcos e conto com o apoio, carinho e energia de voc\u00eas nessa minha nova trajet\u00f3ria&#8221;<\/em><\/p>\n<p>&nbsp;<\/p>\n<p>As irm\u00e3s nascidas em Uiba\u00ed (BA) come\u00e7aram a cantar profissionalmente ainda adolescentes, como vocalistas de apoio de Frank Aguiar. Depois elas fizeram parte da banda Forr\u00f3 do Mi\u00fado.<\/p>\n<p>&nbsp;<\/p>\n<p>Em 2012, elas formaram a dupla. Apesar do in\u00edcio de carreira voltado ao forr\u00f3 e ao arrocha, a dupla se tornou um dos maiores nomes do feminejo, o movimento que aumentou a presen\u00e7a de mulheres na m\u00fasica sertaneja.<\/p>\n<p>&nbsp;<\/p>\n<p>Entre os maiores sucesso da dupla est\u00e3o &#8220;Regime fechado&#8221;, &#8220;Loka&#8221; (com Anitta), &#8220;Ta tum tum&#8221; (com Kevinho), &#8220;Vontade de morder&#8221; (com Z\u00e9 Felipe), &#8220;Foi p\u00e1 pum&#8221; e &#8220;Amor mal resolvido&#8221; (com Jorge e Mateus).<\/p>\n<p>&nbsp;<\/p>\n<p>Em 2022 elas tiveram desentendimentos p\u00fablicos e j\u00e1 tinham anunciado uma pausa.<\/p>\n<p>&nbsp;<\/p>\n<p>Al\u00e9m das declara\u00e7\u00f5es acima , o comunicado divulgado nesta quinta-feira tamb\u00e9m diz:<\/p>\n<p>&nbsp;<\/p>\n<p><em>&#8220;Em respeito aos f\u00e3s, amigos e parceiros, Simone e Simaria comunicam oficialmente que as atividades da dupla est\u00e3o encerradas. As artistas seguem, a partir daqui, em carreira solo.&#8221;<\/em><\/p>\n<p>&nbsp;<\/p>\n<p><em>&#8220;Reiteramos que todos os compromissos de shows j\u00e1 contratados at\u00e9 a presente data ser\u00e3o pontualmente cumpridos por Simone.&#8221;<\/em><\/p>\n<p>&nbsp;<\/p>\n<p><em>&#8220;As artistas agradecem a todos pela compreens\u00e3o e esclarecem que essa pausa se fez necess\u00e1ria para a defini\u00e7\u00e3o dos pr\u00f3ximos passos de suas carreiras.&#8221;<\/em><\/p>\n<p>&nbsp;<\/p>\n<p>&nbsp;<\/p>\n<p>&nbsp;<\/p>\n<p><strong>Fonte: G1<\/strong><\/p>\n<p>&nbsp;<\/p>\n","protected":false},"excerpt":{"rendered":"<p>Simone e Simaria anunciaram nesta quinta-feira (18) o fim da dupla ap\u00f3s dez anos. Elas v\u00e3o seguir cantando em carreira solo. &nbsp; Os shows que j\u00e1 estavam marcados ser\u00e3o realizados por Simone. &nbsp; Veja o que disse Simaria sobre o fim da dupla: &nbsp; &#8220;Me afastarei temporariamente dos palcos para cuidar dos meus filhos e &hellip;<\/p>\n","protected":false},"author":2,"featured_media":24718,"comment_status":"open","ping_status":"open","sticky":false,"template":"","format":"standard","meta":{"_jetpack_memberships_contains_paid_content":false,"footnotes":""},"categories":[7],"tags":[],"class_list":["post-24716","post","type-post","status-publish","format-standard","has-post-thumbnail","hentry","category-entretenimento"],"jetpack_featured_media_url":"https:\/\/www.oparanews.com.br\/wp-content\/uploads\/2022\/08\/Sem-titulo-1.png","jetpack_sharing_enabled":true,"_links":{"self":[{"href":"https:\/\/www.oparanews.com.br\/index.php\/wp-json\/wp\/v2\/posts\/24716","targetHints":{"allow":["GET"]}}],"collection":[{"href":"https:\/\/www.oparanews.com.br\/index.php\/wp-json\/wp\/v2\/posts"}],"about":[{"href":"https:\/\/www.oparanews.com.br\/index.php\/wp-json\/wp\/v2\/types\/post"}],"author":[{"embeddable":true,"href":"https:\/\/www.oparanews.com.br\/index.php\/wp-json\/wp\/v2\/users\/2"}],"replies":[{"embeddable":true,"href":"https:\/\/www.oparanews.com.br\/index.php\/wp-json\/wp\/v2\/comments?post=24716"}],"version-history":[{"count":1,"href":"https:\/\/www.oparanews.com.br\/index.php\/wp-json\/wp\/v2\/posts\/24716\/revisions"}],"predecessor-version":[{"id":24719,"href":"https:\/\/www.oparanews.com.br\/index.php\/wp-json\/wp\/v2\/posts\/24716\/revisions\/24719"}],"wp:featuredmedia":[{"embeddable":true,"href":"https:\/\/www.oparanews.com.br\/index.php\/wp-json\/wp\/v2\/media\/24718"}],"wp:attachment":[{"href":"https:\/\/www.oparanews.com.br\/index.php\/wp-json\/wp\/v2\/media?parent=24716"}],"wp:term":[{"taxonomy":"category","embeddable":true,"href":"https:\/\/www.oparanews.com.br\/index.php\/wp-json\/wp\/v2\/categories?post=24716"},{"taxonomy":"post_tag","embeddable":true,"href":"https:\/\/www.oparanews.com.br\/index.php\/wp-json\/wp\/v2\/tags?post=24716"}],"curies":[{"name":"wp","href":"https:\/\/api.w.org\/{rel}","templated":true}]}}