{"id":24731,"date":"2022-08-19T21:24:24","date_gmt":"2022-08-20T00:24:24","guid":{"rendered":"https:\/\/www.oparanews.com.br\/?p=24731"},"modified":"2022-08-19T21:24:24","modified_gmt":"2022-08-20T00:24:24","slug":"prefeitura-de-penedo-e-trakto-fecham-parceria-inedita-no-brasil","status":"publish","type":"post","link":"https:\/\/www.oparanews.com.br\/index.php\/2022\/08\/19\/prefeitura-de-penedo-e-trakto-fecham-parceria-inedita-no-brasil\/","title":{"rendered":"Prefeitura de Penedo e Trakto fecham parceria in\u00e9dita no Brasil"},"content":{"rendered":"<p>O governo do Prefeito Ronaldo Lopes alcan\u00e7a mais um marco in\u00e9dito na hist\u00f3ria de Penedo, primeiro munic\u00edpio do Brasil selecionado para utilizar a plataforma Trakto Educa\u00e7\u00e3o.<\/p>\n<p>&nbsp;<\/p>\n<p>As ferramentas da empresa alagoana que criou a primeira plataforma de design 100% online da Am\u00e9rica Latina s\u00e3o a mais recente inova\u00e7\u00e3o tecnol\u00f3gica da administra\u00e7\u00e3o que moderniza a Prefeitura de Penedo.<\/p>\n<p>&nbsp;<\/p>\n<p>Os avan\u00e7os que melhoram servi\u00e7os e a m\u00e1quina p\u00fablica est\u00e3o sendo ampliados em todos os setores, principalmente para estudantes e professores da Secretaria Municipal de Educa\u00e7\u00e3o (Semed) na fase atual da gest\u00e3o que tem pouco mais de um ano e sete meses.<\/p>\n<p>&nbsp;<\/p>\n<p>Com internet de qualidade e computadores do tipo Chromebooks, a revolu\u00e7\u00e3o digital chega com equipamentos modernos e conte\u00fado atualizado nas escolas da Prefeitura de Penedo.<\/p>\n<p>&nbsp;<\/p>\n<p>Estudantes e professores da Semed Penedo recebem computadores<\/p>\n<p>&nbsp;<\/p>\n<p>O trabalho do governo Ronaldo Lopes justifica a escolha de Penedo para a iniciativa pioneira da Trakto, parceria cujo protocolo de inten\u00e7\u00f5es foi assinado nesta quinta-feira, 18.<\/p>\n<p>&nbsp;<\/p>\n<p>\u201cTem muita gente s\u00e9ria trabalhando com a Educa\u00e7\u00e3o em Penedo\u201d, afirmou o empreendedor e fundador da Trakto, Paulo Ten\u00f3rio, durante o ato que ocorreu durante o Trakto Show, evento realizado no Centro de Conven\u00e7\u00f5es, em Macei\u00f3, at\u00e9 o pr\u00f3ximo s\u00e1bado, 20.<\/p>\n<p>&nbsp;<\/p>\n<p>A plataforma Trakto Educa\u00e7\u00e3o \u00e9 um editor online exclusivo para ser usado por toda a rede educacional, ferramenta que tamb\u00e9m tem assist\u00eancia regular de especialistas para orientar e desenvolver o uso pr\u00e1tico.<\/p>\n<p>&nbsp;<\/p>\n<p>O uso de recursos digitais j\u00e1 \u00e9 parte do dia a dia dos estudantes da Escola Municipal Douglas Apratto Ten\u00f3rio, onde o professor Marcondes Batista leciona para turmas do 5\u00ba ano, escolhido para representar os docentes da Semed Penedo na assinatura do protocolo.<\/p>\n<p>&nbsp;<\/p>\n<p>Marcondes Batista \u00e9 natural do Potengy, uma comunidade remanescente quilomobola situada nas imedia\u00e7\u00f5es do foz do Rio S\u00e3o Francisco.<\/p>\n<p>&nbsp;<\/p>\n<p>\u201cFoi em Penedo que a Educa\u00e7\u00e3o abriu as portas para mim e hoje temos tecnologia que acompanham as diretrizes da base curricular nacional, com estudantes e professores assistidos\u201d, destacou Marcondes no palco do Trakto Show, onde estar\u00e1 novamentem, em 2023, para apresentar os resultados dos desafios lan\u00e7ados agora.<\/p>\n<p>&nbsp;<\/p>\n<p>Ronaldo Lopes agradeceu ao reconhecimento do fundador da Trakto, informando que os 600 professores \u2013 efetivos e contratados \u2013 t\u00eam um Chromebook para desenvolver suas atividades e os estudantes utilizam o mesmo modelo de computador na sala de aula.<\/p>\n<p>&nbsp;<\/p>\n<p>O gestor penedense foi ao evento com o Secret\u00e1rio Municipal de Educa\u00e7\u00e3o, Luciano Lucena, e o Secret\u00e1rio Municipal de Comunica\u00e7\u00e3o, Kim Emmanuel Minal Lopes.<\/p>\n<p>&nbsp;<\/p>\n<p>&nbsp;<\/p>\n<p>&nbsp;<\/p>\n<p><strong>por Fernando Vin\u00edcius &#8211; Secom PMP<\/strong><\/p>\n<p>&nbsp;<\/p>\n","protected":false},"excerpt":{"rendered":"<p>O governo do Prefeito Ronaldo Lopes alcan\u00e7a mais um marco in\u00e9dito na hist\u00f3ria de Penedo, primeiro munic\u00edpio do Brasil selecionado para utilizar a plataforma Trakto Educa\u00e7\u00e3o. &nbsp; As ferramentas da empresa alagoana que criou a primeira plataforma de design 100% online da Am\u00e9rica Latina s\u00e3o a mais recente inova\u00e7\u00e3o tecnol\u00f3gica da administra\u00e7\u00e3o que moderniza a &hellip;<\/p>\n","protected":false},"author":2,"featured_media":24732,"comment_status":"open","ping_status":"open","sticky":false,"template":"","format":"standard","meta":{"_jetpack_memberships_contains_paid_content":false,"footnotes":""},"categories":[1,3],"tags":[],"class_list":["post-24731","post","type-post","status-publish","format-standard","has-post-thumbnail","hentry","category-destaque","category-penedo"],"jetpack_featured_media_url":"https:\/\/www.oparanews.com.br\/wp-content\/uploads\/2022\/08\/trakto-penedo-educacao-divulgacao-2.jpeg","jetpack_sharing_enabled":true,"_links":{"self":[{"href":"https:\/\/www.oparanews.com.br\/index.php\/wp-json\/wp\/v2\/posts\/24731","targetHints":{"allow":["GET"]}}],"collection":[{"href":"https:\/\/www.oparanews.com.br\/index.php\/wp-json\/wp\/v2\/posts"}],"about":[{"href":"https:\/\/www.oparanews.com.br\/index.php\/wp-json\/wp\/v2\/types\/post"}],"author":[{"embeddable":true,"href":"https:\/\/www.oparanews.com.br\/index.php\/wp-json\/wp\/v2\/users\/2"}],"replies":[{"embeddable":true,"href":"https:\/\/www.oparanews.com.br\/index.php\/wp-json\/wp\/v2\/comments?post=24731"}],"version-history":[{"count":1,"href":"https:\/\/www.oparanews.com.br\/index.php\/wp-json\/wp\/v2\/posts\/24731\/revisions"}],"predecessor-version":[{"id":24733,"href":"https:\/\/www.oparanews.com.br\/index.php\/wp-json\/wp\/v2\/posts\/24731\/revisions\/24733"}],"wp:featuredmedia":[{"embeddable":true,"href":"https:\/\/www.oparanews.com.br\/index.php\/wp-json\/wp\/v2\/media\/24732"}],"wp:attachment":[{"href":"https:\/\/www.oparanews.com.br\/index.php\/wp-json\/wp\/v2\/media?parent=24731"}],"wp:term":[{"taxonomy":"category","embeddable":true,"href":"https:\/\/www.oparanews.com.br\/index.php\/wp-json\/wp\/v2\/categories?post=24731"},{"taxonomy":"post_tag","embeddable":true,"href":"https:\/\/www.oparanews.com.br\/index.php\/wp-json\/wp\/v2\/tags?post=24731"}],"curies":[{"name":"wp","href":"https:\/\/api.w.org\/{rel}","templated":true}]}}